{"id":14596,"date":"2026-09-03T09:31:27","date_gmt":"2026-09-03T07:31:27","guid":{"rendered":"https:\/\/www.lebertole.it\/visite-a-valdobbiadene-durante-la-vendemmia-2026\/"},"modified":"2026-09-03T09:44:51","modified_gmt":"2026-09-03T07:44:51","slug":"visite-a-valdobbiadene-durante-la-vendemmia-2026","status":"publish","type":"post","link":"https:\/\/www.lebertole.it\/de\/visite-a-valdobbiadene-durante-la-vendemmia-2026\/","title":{"rendered":"Besichtigungen w\u00e4hrend der Weinlese 2026"},"content":{"rendered":"<div dir=\"auto\">Bei Le Bertole hat einer der am sehnlichsten erwarteten Momente des Jahres begonnen: <strong>die Weinlese 2026<\/strong>.<br \/>\nHinter jeder Traube stecken Monate der Arbeit, der Sorgfalt und der Geduld.<br \/>\nNun ist die Zeit der Ernte gekommen, der flei\u00dfigen H\u00e4nde und eines neuen Kapitels, das die ganze Essenz unserer H\u00fcgel in das Weinglas bringen wird.<\/div>\n<p><strong>Am Wochenende vom 25., 26. und 27. September<\/strong> haben wir ge\u00f6ffnet und bieten Verkostungen und F\u00fchrungen an:<\/p>\n<ul>\n<li><strong>Freitag, 25. September<\/strong>: Ge\u00f6ffnet, 9:00\u201312:30 Uhr | 14:00\u201318:30 Uhr<\/li>\n<li><strong>Samstag, 26. September<\/strong>: Ge\u00f6ffnet von 9:30 bis 12:30 Uhr | 14:30 bis 18:00 Uhr<\/li>\n<li><strong>Sonntag, 27. September<\/strong>: Ge\u00f6ffnet von 9:30 bis 13:00 Uhr<\/li>\n<\/ul>\n<p>Die \u00d6ffnungszeiten des <strong>Wine Shops<\/strong> bleiben unver\u00e4ndert:<br \/>\nMo\u2013Fr 8:30\u201312:30 Uhr | 14:00\u201318:30 Uhr<br \/>\nSa 9:30\u201312:30 Uhr | 14:30\u201318:00 Uhr<\/p>\n<p>Informationen zu Reservierungen und Anfragen:<br \/>\nwww.lebertole.it<br \/>\nTel. +39 0423 975332<br \/>\nE-Mail info@lebertole.it<\/p>\n<p>LE BERTOLE | Via Europa 20, Valdobbiadene<\/p>\n","protected":false},"excerpt":{"rendered":"<p>Bei Le Bertole hat einer der am sehnlichsten erwarteten Momente des Jahres begonnen: die Weinlese 2026. Hinter jeder Traube stecken Monate der Arbeit, der Sorgfalt und der Geduld. Nun ist die Zeit der Ernte gekommen, der flei\u00dfigen H\u00e4nde und eines neuen Kapitels, das die ganze Essenz unserer H\u00fcgel in das Weinglas bringen wird. Am Wochenende [&hellip;]<\/p>\n","protected":false},"author":1,"featured_media":14590,"comment_status":"closed","ping_status":"closed","sticky":false,"template":"","format":"standard","meta":{"_acf_changed":false,"footnotes":""},"categories":[25],"class_list":["post-14596","post","type-post","status-publish","format-standard","has-post-thumbnail","hentry","category-nachrichten"],"acf":[],"yoast_head":"<!-- This site is optimized with the Yoast SEO plugin v28.4 - https:\/\/yoast.com\/product\/yoast-seo-wordpress\/ -->\n<title>Besichtigungen w\u00e4hrend der Weinlese 2026 | LE BERTOLE | Valdobbiadene DOCG<\/title>\n<meta name=\"robots\" content=\"index, follow, max-snippet:-1, max-image-preview:large, max-video-preview:-1\" \/>\n<link rel=\"canonical\" href=\"https:\/\/www.lebertole.it\/de\/visite-a-valdobbiadene-durante-la-vendemmia-2026\/\" \/>\n<meta property=\"og:locale\" content=\"de_DE\" \/>\n<meta property=\"og:type\" content=\"article\" \/>\n<meta property=\"og:title\" content=\"Besichtigungen w\u00e4hrend der Weinlese 2026 | LE BERTOLE | Valdobbiadene DOCG\" \/>\n<meta property=\"og:description\" content=\"Bei Le Bertole hat einer der am sehnlichsten erwarteten Momente des Jahres begonnen: die Weinlese 2026. Hinter jeder Traube stecken Monate der Arbeit, der Sorgfalt und der Geduld. Nun ist die Zeit der Ernte gekommen, der flei\u00dfigen H\u00e4nde und eines neuen Kapitels, das die ganze Essenz unserer H\u00fcgel in das Weinglas bringen wird. Am Wochenende [&hellip;]\" \/>\n<meta property=\"og:url\" content=\"https:\/\/www.lebertole.it\/de\/visite-a-valdobbiadene-durante-la-vendemmia-2026\/\" \/>\n<meta property=\"og:site_name\" content=\"LE BERTOLE | Valdobbiadene DOCG\" \/>\n<meta property=\"article:publisher\" content=\"https:\/\/www.facebook.com\/lebertole\/\" \/>\n<meta property=\"article:published_time\" content=\"2026-09-03T07:31:27+00:00\" \/>\n<meta property=\"article:modified_time\" content=\"2026-09-03T07:44:51+00:00\" \/>\n<meta property=\"og:image\" content=\"https:\/\/www.lebertole.it\/wp-content\/uploads\/2026\/09\/PostFB-O-9.png\" \/>\n\t<meta property=\"og:image:width\" content=\"940\" \/>\n\t<meta property=\"og:image:height\" content=\"788\" \/>\n\t<meta property=\"og:image:type\" content=\"image\/png\" \/>\n<meta name=\"author\" content=\"bertole\" \/>\n<meta name=\"twitter:card\" content=\"summary_large_image\" \/>\n<meta name=\"twitter:label1\" content=\"Verfasst von\" \/>\n\t<meta name=\"twitter:data1\" content=\"bertole\" \/>\n\t<meta name=\"twitter:label2\" content=\"Gesch\u00e4tzte Lesezeit\" \/>\n\t<meta name=\"twitter:data2\" content=\"1\u00a0Minute\" \/>\n<script type=\"application\/ld+json\" class=\"yoast-schema-graph\">{\"@context\":\"https:\\\/\\\/schema.org\",\"@graph\":[{\"@type\":\"Article\",\"@id\":\"https:\\\/\\\/www.lebertole.it\\\/de\\\/visite-a-valdobbiadene-durante-la-vendemmia-2026\\\/#article\",\"isPartOf\":{\"@id\":\"https:\\\/\\\/www.lebertole.it\\\/de\\\/visite-a-valdobbiadene-durante-la-vendemmia-2026\\\/\"},\"author\":{\"name\":\"bertole\",\"@id\":\"https:\\\/\\\/www.lebertole.it\\\/#\\\/schema\\\/person\\\/d52188bb6ac96aef076248da018386d5\"},\"headline\":\"Besichtigungen w\u00e4hrend der Weinlese 2026\",\"datePublished\":\"2026-09-03T07:31:27+00:00\",\"dateModified\":\"2026-09-03T07:44:51+00:00\",\"mainEntityOfPage\":{\"@id\":\"https:\\\/\\\/www.lebertole.it\\\/de\\\/visite-a-valdobbiadene-durante-la-vendemmia-2026\\\/\"},\"wordCount\":131,\"publisher\":{\"@id\":\"https:\\\/\\\/www.lebertole.it\\\/#organization\"},\"image\":{\"@id\":\"https:\\\/\\\/www.lebertole.it\\\/de\\\/visite-a-valdobbiadene-durante-la-vendemmia-2026\\\/#primaryimage\"},\"thumbnailUrl\":\"https:\\\/\\\/www.lebertole.it\\\/wp-content\\\/uploads\\\/2026\\\/09\\\/PostFB-O-9.png\",\"articleSection\":[\"Nachrichten\"],\"inLanguage\":\"de\"},{\"@type\":\"WebPage\",\"@id\":\"https:\\\/\\\/www.lebertole.it\\\/de\\\/visite-a-valdobbiadene-durante-la-vendemmia-2026\\\/\",\"url\":\"https:\\\/\\\/www.lebertole.it\\\/de\\\/visite-a-valdobbiadene-durante-la-vendemmia-2026\\\/\",\"name\":\"Besichtigungen w\u00e4hrend der Weinlese 2026 | LE BERTOLE | Valdobbiadene DOCG\",\"isPartOf\":{\"@id\":\"https:\\\/\\\/www.lebertole.it\\\/#website\"},\"primaryImageOfPage\":{\"@id\":\"https:\\\/\\\/www.lebertole.it\\\/de\\\/visite-a-valdobbiadene-durante-la-vendemmia-2026\\\/#primaryimage\"},\"image\":{\"@id\":\"https:\\\/\\\/www.lebertole.it\\\/de\\\/visite-a-valdobbiadene-durante-la-vendemmia-2026\\\/#primaryimage\"},\"thumbnailUrl\":\"https:\\\/\\\/www.lebertole.it\\\/wp-content\\\/uploads\\\/2026\\\/09\\\/PostFB-O-9.png\",\"datePublished\":\"2026-09-03T07:31:27+00:00\",\"dateModified\":\"2026-09-03T07:44:51+00:00\",\"breadcrumb\":{\"@id\":\"https:\\\/\\\/www.lebertole.it\\\/de\\\/visite-a-valdobbiadene-durante-la-vendemmia-2026\\\/#breadcrumb\"},\"inLanguage\":\"de\",\"potentialAction\":[{\"@type\":\"ReadAction\",\"target\":[\"https:\\\/\\\/www.lebertole.it\\\/de\\\/visite-a-valdobbiadene-durante-la-vendemmia-2026\\\/\"]}]},{\"@type\":\"ImageObject\",\"inLanguage\":\"de\",\"@id\":\"https:\\\/\\\/www.lebertole.it\\\/de\\\/visite-a-valdobbiadene-durante-la-vendemmia-2026\\\/#primaryimage\",\"url\":\"https:\\\/\\\/www.lebertole.it\\\/wp-content\\\/uploads\\\/2026\\\/09\\\/PostFB-O-9.png\",\"contentUrl\":\"https:\\\/\\\/www.lebertole.it\\\/wp-content\\\/uploads\\\/2026\\\/09\\\/PostFB-O-9.png\",\"width\":940,\"height\":788,\"caption\":\"VENDEMMIA LE BERTOLE 2026\"},{\"@type\":\"BreadcrumbList\",\"@id\":\"https:\\\/\\\/www.lebertole.it\\\/de\\\/visite-a-valdobbiadene-durante-la-vendemmia-2026\\\/#breadcrumb\",\"itemListElement\":[{\"@type\":\"ListItem\",\"position\":1,\"name\":\"Home\",\"item\":\"https:\\\/\\\/www.lebertole.it\\\/de\\\/\"},{\"@type\":\"ListItem\",\"position\":2,\"name\":\"Besichtigungen w\u00e4hrend der Weinlese 2026\"}]},{\"@type\":\"WebSite\",\"@id\":\"https:\\\/\\\/www.lebertole.it\\\/#website\",\"url\":\"https:\\\/\\\/www.lebertole.it\\\/\",\"name\":\"Le Bertole | Prosecco Valdobbiadene DOCG\",\"description\":\"L&#039;Arte di fare il vino\",\"publisher\":{\"@id\":\"https:\\\/\\\/www.lebertole.it\\\/#organization\"},\"potentialAction\":[{\"@type\":\"SearchAction\",\"target\":{\"@type\":\"EntryPoint\",\"urlTemplate\":\"https:\\\/\\\/www.lebertole.it\\\/?s={search_term_string}\"},\"query-input\":{\"@type\":\"PropertyValueSpecification\",\"valueRequired\":true,\"valueName\":\"search_term_string\"}}],\"inLanguage\":\"de\"},{\"@type\":\"Organization\",\"@id\":\"https:\\\/\\\/www.lebertole.it\\\/#organization\",\"name\":\"Le Bertole\",\"url\":\"https:\\\/\\\/www.lebertole.it\\\/\",\"logo\":{\"@type\":\"ImageObject\",\"inLanguage\":\"de\",\"@id\":\"https:\\\/\\\/www.lebertole.it\\\/#\\\/schema\\\/logo\\\/image\\\/\",\"url\":\"https:\\\/\\\/www.lebertole.it\\\/wp-content\\\/uploads\\\/2019\\\/07\\\/LeBertoleLogoCassetta.jpg\",\"contentUrl\":\"https:\\\/\\\/www.lebertole.it\\\/wp-content\\\/uploads\\\/2019\\\/07\\\/LeBertoleLogoCassetta.jpg\",\"width\":1370,\"height\":243,\"caption\":\"Le Bertole\"},\"image\":{\"@id\":\"https:\\\/\\\/www.lebertole.it\\\/#\\\/schema\\\/logo\\\/image\\\/\"},\"sameAs\":[\"https:\\\/\\\/www.facebook.com\\\/lebertole\\\/\",\"https:\\\/\\\/www.instagram.com\\\/le_bertole_valdobbiadene_docg\\\/\"]},{\"@type\":\"Person\",\"@id\":\"https:\\\/\\\/www.lebertole.it\\\/#\\\/schema\\\/person\\\/d52188bb6ac96aef076248da018386d5\",\"name\":\"bertole\"}]}<\/script>\n<!-- \/ Yoast SEO plugin. -->","yoast_head_json":{"title":"Besichtigungen w\u00e4hrend der Weinlese 2026 | LE BERTOLE | Valdobbiadene DOCG","robots":{"index":"index","follow":"follow","max-snippet":"max-snippet:-1","max-image-preview":"max-image-preview:large","max-video-preview":"max-video-preview:-1"},"canonical":"https:\/\/www.lebertole.it\/de\/visite-a-valdobbiadene-durante-la-vendemmia-2026\/","og_locale":"de_DE","og_type":"article","og_title":"Besichtigungen w\u00e4hrend der Weinlese 2026 | LE BERTOLE | Valdobbiadene DOCG","og_description":"Bei Le Bertole hat einer der am sehnlichsten erwarteten Momente des Jahres begonnen: die Weinlese 2026. Hinter jeder Traube stecken Monate der Arbeit, der Sorgfalt und der Geduld. Nun ist die Zeit der Ernte gekommen, der flei\u00dfigen H\u00e4nde und eines neuen Kapitels, das die ganze Essenz unserer H\u00fcgel in das Weinglas bringen wird. Am Wochenende [&hellip;]","og_url":"https:\/\/www.lebertole.it\/de\/visite-a-valdobbiadene-durante-la-vendemmia-2026\/","og_site_name":"LE BERTOLE | Valdobbiadene DOCG","article_publisher":"https:\/\/www.facebook.com\/lebertole\/","article_published_time":"2026-09-03T07:31:27+00:00","article_modified_time":"2026-09-03T07:44:51+00:00","og_image":[{"width":940,"height":788,"url":"https:\/\/www.lebertole.it\/wp-content\/uploads\/2026\/09\/PostFB-O-9.png","type":"image\/png"}],"author":"bertole","twitter_card":"summary_large_image","twitter_misc":{"Verfasst von":"bertole","Gesch\u00e4tzte Lesezeit":"1\u00a0Minute"},"schema":{"@context":"https:\/\/schema.org","@graph":[{"@type":"Article","@id":"https:\/\/www.lebertole.it\/de\/visite-a-valdobbiadene-durante-la-vendemmia-2026\/#article","isPartOf":{"@id":"https:\/\/www.lebertole.it\/de\/visite-a-valdobbiadene-durante-la-vendemmia-2026\/"},"author":{"name":"bertole","@id":"https:\/\/www.lebertole.it\/#\/schema\/person\/d52188bb6ac96aef076248da018386d5"},"headline":"Besichtigungen w\u00e4hrend der Weinlese 2026","datePublished":"2026-09-03T07:31:27+00:00","dateModified":"2026-09-03T07:44:51+00:00","mainEntityOfPage":{"@id":"https:\/\/www.lebertole.it\/de\/visite-a-valdobbiadene-durante-la-vendemmia-2026\/"},"wordCount":131,"publisher":{"@id":"https:\/\/www.lebertole.it\/#organization"},"image":{"@id":"https:\/\/www.lebertole.it\/de\/visite-a-valdobbiadene-durante-la-vendemmia-2026\/#primaryimage"},"thumbnailUrl":"https:\/\/www.lebertole.it\/wp-content\/uploads\/2026\/09\/PostFB-O-9.png","articleSection":["Nachrichten"],"inLanguage":"de"},{"@type":"WebPage","@id":"https:\/\/www.lebertole.it\/de\/visite-a-valdobbiadene-durante-la-vendemmia-2026\/","url":"https:\/\/www.lebertole.it\/de\/visite-a-valdobbiadene-durante-la-vendemmia-2026\/","name":"Besichtigungen w\u00e4hrend der Weinlese 2026 | LE BERTOLE | Valdobbiadene DOCG","isPartOf":{"@id":"https:\/\/www.lebertole.it\/#website"},"primaryImageOfPage":{"@id":"https:\/\/www.lebertole.it\/de\/visite-a-valdobbiadene-durante-la-vendemmia-2026\/#primaryimage"},"image":{"@id":"https:\/\/www.lebertole.it\/de\/visite-a-valdobbiadene-durante-la-vendemmia-2026\/#primaryimage"},"thumbnailUrl":"https:\/\/www.lebertole.it\/wp-content\/uploads\/2026\/09\/PostFB-O-9.png","datePublished":"2026-09-03T07:31:27+00:00","dateModified":"2026-09-03T07:44:51+00:00","breadcrumb":{"@id":"https:\/\/www.lebertole.it\/de\/visite-a-valdobbiadene-durante-la-vendemmia-2026\/#breadcrumb"},"inLanguage":"de","potentialAction":[{"@type":"ReadAction","target":["https:\/\/www.lebertole.it\/de\/visite-a-valdobbiadene-durante-la-vendemmia-2026\/"]}]},{"@type":"ImageObject","inLanguage":"de","@id":"https:\/\/www.lebertole.it\/de\/visite-a-valdobbiadene-durante-la-vendemmia-2026\/#primaryimage","url":"https:\/\/www.lebertole.it\/wp-content\/uploads\/2026\/09\/PostFB-O-9.png","contentUrl":"https:\/\/www.lebertole.it\/wp-content\/uploads\/2026\/09\/PostFB-O-9.png","width":940,"height":788,"caption":"VENDEMMIA LE BERTOLE 2026"},{"@type":"BreadcrumbList","@id":"https:\/\/www.lebertole.it\/de\/visite-a-valdobbiadene-durante-la-vendemmia-2026\/#breadcrumb","itemListElement":[{"@type":"ListItem","position":1,"name":"Home","item":"https:\/\/www.lebertole.it\/de\/"},{"@type":"ListItem","position":2,"name":"Besichtigungen w\u00e4hrend der Weinlese 2026"}]},{"@type":"WebSite","@id":"https:\/\/www.lebertole.it\/#website","url":"https:\/\/www.lebertole.it\/","name":"Le Bertole | Prosecco Valdobbiadene DOCG","description":"L&#039;Arte di fare il vino","publisher":{"@id":"https:\/\/www.lebertole.it\/#organization"},"potentialAction":[{"@type":"SearchAction","target":{"@type":"EntryPoint","urlTemplate":"https:\/\/www.lebertole.it\/?s={search_term_string}"},"query-input":{"@type":"PropertyValueSpecification","valueRequired":true,"valueName":"search_term_string"}}],"inLanguage":"de"},{"@type":"Organization","@id":"https:\/\/www.lebertole.it\/#organization","name":"Le Bertole","url":"https:\/\/www.lebertole.it\/","logo":{"@type":"ImageObject","inLanguage":"de","@id":"https:\/\/www.lebertole.it\/#\/schema\/logo\/image\/","url":"https:\/\/www.lebertole.it\/wp-content\/uploads\/2019\/07\/LeBertoleLogoCassetta.jpg","contentUrl":"https:\/\/www.lebertole.it\/wp-content\/uploads\/2019\/07\/LeBertoleLogoCassetta.jpg","width":1370,"height":243,"caption":"Le Bertole"},"image":{"@id":"https:\/\/www.lebertole.it\/#\/schema\/logo\/image\/"},"sameAs":["https:\/\/www.facebook.com\/lebertole\/","https:\/\/www.instagram.com\/le_bertole_valdobbiadene_docg\/"]},{"@type":"Person","@id":"https:\/\/www.lebertole.it\/#\/schema\/person\/d52188bb6ac96aef076248da018386d5","name":"bertole"}]}},"_links":{"self":[{"href":"https:\/\/www.lebertole.it\/de\/wp-json\/wp\/v2\/posts\/14596","targetHints":{"allow":["GET"]}}],"collection":[{"href":"https:\/\/www.lebertole.it\/de\/wp-json\/wp\/v2\/posts"}],"about":[{"href":"https:\/\/www.lebertole.it\/de\/wp-json\/wp\/v2\/types\/post"}],"author":[{"embeddable":true,"href":"https:\/\/www.lebertole.it\/de\/wp-json\/wp\/v2\/users\/1"}],"replies":[{"embeddable":true,"href":"https:\/\/www.lebertole.it\/de\/wp-json\/wp\/v2\/comments?post=14596"}],"version-history":[{"count":2,"href":"https:\/\/www.lebertole.it\/de\/wp-json\/wp\/v2\/posts\/14596\/revisions"}],"predecessor-version":[{"id":14599,"href":"https:\/\/www.lebertole.it\/de\/wp-json\/wp\/v2\/posts\/14596\/revisions\/14599"}],"wp:featuredmedia":[{"embeddable":true,"href":"https:\/\/www.lebertole.it\/de\/wp-json\/wp\/v2\/media\/14590"}],"wp:attachment":[{"href":"https:\/\/www.lebertole.it\/de\/wp-json\/wp\/v2\/media?parent=14596"}],"wp:term":[{"taxonomy":"category","embeddable":true,"href":"https:\/\/www.lebertole.it\/de\/wp-json\/wp\/v2\/categories?post=14596"}],"curies":[{"name":"wp","href":"https:\/\/api.w.org\/{rel}","templated":true}]}}