{"id":14237,"date":"2026-01-17T17:20:08","date_gmt":"2026-01-17T16:20:08","guid":{"rendered":"https:\/\/www.lebertole.it\/le-bertole-a-wine-paris-2026\/"},"modified":"2026-01-17T17:23:32","modified_gmt":"2026-01-17T16:23:32","slug":"le-bertole-a-wine-paris-2026","status":"publish","type":"post","link":"https:\/\/www.lebertole.it\/de\/le-bertole-a-wine-paris-2026\/","title":{"rendered":"Le Bertole auf der Wine Paris 2026"},"content":{"rendered":"<p>Wir freuen uns, Ihnen mitteilen zu k\u00f6nnen, dass Le Bertole an der <strong>Wine Paris 2026<\/strong> teilnehmen wird, der gro\u00dfen internationalen Weinmesse, <strong>die vom 9. bis 11. Februar 2026<\/strong> in der <strong>Paris Expo Porte de Versailles<\/strong> stattfindet.<\/p>\n<p>Wir werden zusammen mit anderen Weing\u00fctern aus unserer Region am Stand des Consorzio del Prosecco Superiore DOCG vertreten sein, um unsere Tradition zu f\u00f6rdern und die Authentizit\u00e4t des Valdobbiadene Prosecco Superiore DOCG zu w\u00fcrdigen.<\/p>\n<p>Diese Teilnahme ist f\u00fcr uns eine wichtige Gelegenheit, Weinliebhaber und Fachleute zu treffen, unsere Familiengeschichte und unsere tiefe Verbundenheit mit dem Gebiet, das zum UNESCO-Weltkulturerbe geh\u00f6rt, zu teilen.<\/p>\n<p><strong>Halle H5.2 \u2013 Stand D145<\/strong><\/p>\n<p>Wir sehen uns in Frankreich!<\/p>\n","protected":false},"excerpt":{"rendered":"<p>Wir freuen uns, Ihnen mitteilen zu k\u00f6nnen, dass Le Bertole an der Wine Paris 2026 teilnehmen wird, der gro\u00dfen internationalen Weinmesse, die vom 9. bis 11. Februar 2026 in der Paris Expo Porte de Versailles stattfindet. Wir werden zusammen mit anderen Weing\u00fctern aus unserer Region am Stand des Consorzio del Prosecco Superiore DOCG vertreten sein, [&hellip;]<\/p>\n","protected":false},"author":1,"featured_media":14232,"comment_status":"closed","ping_status":"closed","sticky":false,"template":"","format":"standard","meta":{"_acf_changed":false,"footnotes":""},"categories":[97,25],"class_list":["post-14237","post","type-post","status-publish","format-standard","has-post-thumbnail","hentry","category-cat-eventi-de","category-nachrichten"],"acf":[],"yoast_head":"<!-- This site is optimized with the Yoast SEO plugin v27.4 - https:\/\/yoast.com\/product\/yoast-seo-wordpress\/ -->\n<title>Le Bertole auf der Wine Paris 2026 | LE BERTOLE | Valdobbiadene DOCG<\/title>\n<meta name=\"robots\" content=\"index, follow, max-snippet:-1, max-image-preview:large, max-video-preview:-1\" \/>\n<link rel=\"canonical\" href=\"https:\/\/www.lebertole.it\/de\/le-bertole-a-wine-paris-2026\/\" \/>\n<meta property=\"og:locale\" content=\"de_DE\" \/>\n<meta property=\"og:type\" content=\"article\" \/>\n<meta property=\"og:title\" content=\"Le Bertole auf der Wine Paris 2026 | LE BERTOLE | Valdobbiadene DOCG\" \/>\n<meta property=\"og:description\" content=\"Wir freuen uns, Ihnen mitteilen zu k\u00f6nnen, dass Le Bertole an der Wine Paris 2026 teilnehmen wird, der gro\u00dfen internationalen Weinmesse, die vom 9. bis 11. Februar 2026 in der Paris Expo Porte de Versailles stattfindet. Wir werden zusammen mit anderen Weing\u00fctern aus unserer Region am Stand des Consorzio del Prosecco Superiore DOCG vertreten sein, [&hellip;]\" \/>\n<meta property=\"og:url\" content=\"https:\/\/www.lebertole.it\/de\/le-bertole-a-wine-paris-2026\/\" \/>\n<meta property=\"og:site_name\" content=\"LE BERTOLE | Valdobbiadene DOCG\" \/>\n<meta property=\"article:publisher\" content=\"https:\/\/www.facebook.com\/lebertole\/\" \/>\n<meta property=\"article:published_time\" content=\"2026-01-17T16:20:08+00:00\" \/>\n<meta property=\"article:modified_time\" content=\"2026-01-17T16:23:32+00:00\" \/>\n<meta property=\"og:image\" content=\"https:\/\/www.lebertole.it\/wp-content\/uploads\/2026\/01\/LB_WINE-PARIS26.jpg\" \/>\n\t<meta property=\"og:image:width\" content=\"1080\" \/>\n\t<meta property=\"og:image:height\" content=\"1350\" \/>\n\t<meta property=\"og:image:type\" content=\"image\/jpeg\" \/>\n<meta name=\"author\" content=\"bertole\" \/>\n<meta name=\"twitter:card\" content=\"summary_large_image\" \/>\n<meta name=\"twitter:label1\" content=\"Verfasst von\" \/>\n\t<meta name=\"twitter:data1\" content=\"bertole\" \/>\n\t<meta name=\"twitter:label2\" content=\"Gesch\u00e4tzte Lesezeit\" \/>\n\t<meta name=\"twitter:data2\" content=\"1\u00a0Minute\" \/>\n<script type=\"application\/ld+json\" class=\"yoast-schema-graph\">{\"@context\":\"https:\\\/\\\/schema.org\",\"@graph\":[{\"@type\":\"Article\",\"@id\":\"https:\\\/\\\/www.lebertole.it\\\/de\\\/le-bertole-a-wine-paris-2026\\\/#article\",\"isPartOf\":{\"@id\":\"https:\\\/\\\/www.lebertole.it\\\/de\\\/le-bertole-a-wine-paris-2026\\\/\"},\"author\":{\"name\":\"bertole\",\"@id\":\"https:\\\/\\\/www.lebertole.it\\\/#\\\/schema\\\/person\\\/d52188bb6ac96aef076248da018386d5\"},\"headline\":\"Le Bertole auf der Wine Paris 2026\",\"datePublished\":\"2026-01-17T16:20:08+00:00\",\"dateModified\":\"2026-01-17T16:23:32+00:00\",\"mainEntityOfPage\":{\"@id\":\"https:\\\/\\\/www.lebertole.it\\\/de\\\/le-bertole-a-wine-paris-2026\\\/\"},\"wordCount\":117,\"publisher\":{\"@id\":\"https:\\\/\\\/www.lebertole.it\\\/#organization\"},\"image\":{\"@id\":\"https:\\\/\\\/www.lebertole.it\\\/de\\\/le-bertole-a-wine-paris-2026\\\/#primaryimage\"},\"thumbnailUrl\":\"https:\\\/\\\/www.lebertole.it\\\/wp-content\\\/uploads\\\/2026\\\/01\\\/LB_WINE-PARIS26.jpg\",\"articleSection\":[\"Eventi\",\"Nachrichten\"],\"inLanguage\":\"de\"},{\"@type\":\"WebPage\",\"@id\":\"https:\\\/\\\/www.lebertole.it\\\/de\\\/le-bertole-a-wine-paris-2026\\\/\",\"url\":\"https:\\\/\\\/www.lebertole.it\\\/de\\\/le-bertole-a-wine-paris-2026\\\/\",\"name\":\"Le Bertole auf der Wine Paris 2026 | LE BERTOLE | Valdobbiadene DOCG\",\"isPartOf\":{\"@id\":\"https:\\\/\\\/www.lebertole.it\\\/#website\"},\"primaryImageOfPage\":{\"@id\":\"https:\\\/\\\/www.lebertole.it\\\/de\\\/le-bertole-a-wine-paris-2026\\\/#primaryimage\"},\"image\":{\"@id\":\"https:\\\/\\\/www.lebertole.it\\\/de\\\/le-bertole-a-wine-paris-2026\\\/#primaryimage\"},\"thumbnailUrl\":\"https:\\\/\\\/www.lebertole.it\\\/wp-content\\\/uploads\\\/2026\\\/01\\\/LB_WINE-PARIS26.jpg\",\"datePublished\":\"2026-01-17T16:20:08+00:00\",\"dateModified\":\"2026-01-17T16:23:32+00:00\",\"breadcrumb\":{\"@id\":\"https:\\\/\\\/www.lebertole.it\\\/de\\\/le-bertole-a-wine-paris-2026\\\/#breadcrumb\"},\"inLanguage\":\"de\",\"potentialAction\":[{\"@type\":\"ReadAction\",\"target\":[\"https:\\\/\\\/www.lebertole.it\\\/de\\\/le-bertole-a-wine-paris-2026\\\/\"]}]},{\"@type\":\"ImageObject\",\"inLanguage\":\"de\",\"@id\":\"https:\\\/\\\/www.lebertole.it\\\/de\\\/le-bertole-a-wine-paris-2026\\\/#primaryimage\",\"url\":\"https:\\\/\\\/www.lebertole.it\\\/wp-content\\\/uploads\\\/2026\\\/01\\\/LB_WINE-PARIS26.jpg\",\"contentUrl\":\"https:\\\/\\\/www.lebertole.it\\\/wp-content\\\/uploads\\\/2026\\\/01\\\/LB_WINE-PARIS26.jpg\",\"width\":1080,\"height\":1350,\"caption\":\"LE BERTOLE FIERA WINE PARIS\"},{\"@type\":\"BreadcrumbList\",\"@id\":\"https:\\\/\\\/www.lebertole.it\\\/de\\\/le-bertole-a-wine-paris-2026\\\/#breadcrumb\",\"itemListElement\":[{\"@type\":\"ListItem\",\"position\":1,\"name\":\"Home\",\"item\":\"https:\\\/\\\/www.lebertole.it\\\/de\\\/\"},{\"@type\":\"ListItem\",\"position\":2,\"name\":\"Le Bertole auf der Wine Paris 2026\"}]},{\"@type\":\"WebSite\",\"@id\":\"https:\\\/\\\/www.lebertole.it\\\/#website\",\"url\":\"https:\\\/\\\/www.lebertole.it\\\/\",\"name\":\"Le Bertole | Prosecco Valdobbiadene DOCG\",\"description\":\"L&#039;Arte di fare il vino\",\"publisher\":{\"@id\":\"https:\\\/\\\/www.lebertole.it\\\/#organization\"},\"potentialAction\":[{\"@type\":\"SearchAction\",\"target\":{\"@type\":\"EntryPoint\",\"urlTemplate\":\"https:\\\/\\\/www.lebertole.it\\\/?s={search_term_string}\"},\"query-input\":{\"@type\":\"PropertyValueSpecification\",\"valueRequired\":true,\"valueName\":\"search_term_string\"}}],\"inLanguage\":\"de\"},{\"@type\":\"Organization\",\"@id\":\"https:\\\/\\\/www.lebertole.it\\\/#organization\",\"name\":\"Le Bertole\",\"url\":\"https:\\\/\\\/www.lebertole.it\\\/\",\"logo\":{\"@type\":\"ImageObject\",\"inLanguage\":\"de\",\"@id\":\"https:\\\/\\\/www.lebertole.it\\\/#\\\/schema\\\/logo\\\/image\\\/\",\"url\":\"https:\\\/\\\/www.lebertole.it\\\/wp-content\\\/uploads\\\/2019\\\/07\\\/LeBertoleLogoCassetta.jpg\",\"contentUrl\":\"https:\\\/\\\/www.lebertole.it\\\/wp-content\\\/uploads\\\/2019\\\/07\\\/LeBertoleLogoCassetta.jpg\",\"width\":1370,\"height\":243,\"caption\":\"Le Bertole\"},\"image\":{\"@id\":\"https:\\\/\\\/www.lebertole.it\\\/#\\\/schema\\\/logo\\\/image\\\/\"},\"sameAs\":[\"https:\\\/\\\/www.facebook.com\\\/lebertole\\\/\",\"https:\\\/\\\/www.instagram.com\\\/le_bertole_valdobbiadene_docg\\\/\"]},{\"@type\":\"Person\",\"@id\":\"https:\\\/\\\/www.lebertole.it\\\/#\\\/schema\\\/person\\\/d52188bb6ac96aef076248da018386d5\",\"name\":\"bertole\"}]}<\/script>\n<!-- \/ Yoast SEO plugin. -->","yoast_head_json":{"title":"Le Bertole auf der Wine Paris 2026 | LE BERTOLE | Valdobbiadene DOCG","robots":{"index":"index","follow":"follow","max-snippet":"max-snippet:-1","max-image-preview":"max-image-preview:large","max-video-preview":"max-video-preview:-1"},"canonical":"https:\/\/www.lebertole.it\/de\/le-bertole-a-wine-paris-2026\/","og_locale":"de_DE","og_type":"article","og_title":"Le Bertole auf der Wine Paris 2026 | LE BERTOLE | Valdobbiadene DOCG","og_description":"Wir freuen uns, Ihnen mitteilen zu k\u00f6nnen, dass Le Bertole an der Wine Paris 2026 teilnehmen wird, der gro\u00dfen internationalen Weinmesse, die vom 9. bis 11. Februar 2026 in der Paris Expo Porte de Versailles stattfindet. Wir werden zusammen mit anderen Weing\u00fctern aus unserer Region am Stand des Consorzio del Prosecco Superiore DOCG vertreten sein, [&hellip;]","og_url":"https:\/\/www.lebertole.it\/de\/le-bertole-a-wine-paris-2026\/","og_site_name":"LE BERTOLE | Valdobbiadene DOCG","article_publisher":"https:\/\/www.facebook.com\/lebertole\/","article_published_time":"2026-01-17T16:20:08+00:00","article_modified_time":"2026-01-17T16:23:32+00:00","og_image":[{"width":1080,"height":1350,"url":"https:\/\/www.lebertole.it\/wp-content\/uploads\/2026\/01\/LB_WINE-PARIS26.jpg","type":"image\/jpeg"}],"author":"bertole","twitter_card":"summary_large_image","twitter_misc":{"Verfasst von":"bertole","Gesch\u00e4tzte Lesezeit":"1\u00a0Minute"},"schema":{"@context":"https:\/\/schema.org","@graph":[{"@type":"Article","@id":"https:\/\/www.lebertole.it\/de\/le-bertole-a-wine-paris-2026\/#article","isPartOf":{"@id":"https:\/\/www.lebertole.it\/de\/le-bertole-a-wine-paris-2026\/"},"author":{"name":"bertole","@id":"https:\/\/www.lebertole.it\/#\/schema\/person\/d52188bb6ac96aef076248da018386d5"},"headline":"Le Bertole auf der Wine Paris 2026","datePublished":"2026-01-17T16:20:08+00:00","dateModified":"2026-01-17T16:23:32+00:00","mainEntityOfPage":{"@id":"https:\/\/www.lebertole.it\/de\/le-bertole-a-wine-paris-2026\/"},"wordCount":117,"publisher":{"@id":"https:\/\/www.lebertole.it\/#organization"},"image":{"@id":"https:\/\/www.lebertole.it\/de\/le-bertole-a-wine-paris-2026\/#primaryimage"},"thumbnailUrl":"https:\/\/www.lebertole.it\/wp-content\/uploads\/2026\/01\/LB_WINE-PARIS26.jpg","articleSection":["Eventi","Nachrichten"],"inLanguage":"de"},{"@type":"WebPage","@id":"https:\/\/www.lebertole.it\/de\/le-bertole-a-wine-paris-2026\/","url":"https:\/\/www.lebertole.it\/de\/le-bertole-a-wine-paris-2026\/","name":"Le Bertole auf der Wine Paris 2026 | LE BERTOLE | Valdobbiadene DOCG","isPartOf":{"@id":"https:\/\/www.lebertole.it\/#website"},"primaryImageOfPage":{"@id":"https:\/\/www.lebertole.it\/de\/le-bertole-a-wine-paris-2026\/#primaryimage"},"image":{"@id":"https:\/\/www.lebertole.it\/de\/le-bertole-a-wine-paris-2026\/#primaryimage"},"thumbnailUrl":"https:\/\/www.lebertole.it\/wp-content\/uploads\/2026\/01\/LB_WINE-PARIS26.jpg","datePublished":"2026-01-17T16:20:08+00:00","dateModified":"2026-01-17T16:23:32+00:00","breadcrumb":{"@id":"https:\/\/www.lebertole.it\/de\/le-bertole-a-wine-paris-2026\/#breadcrumb"},"inLanguage":"de","potentialAction":[{"@type":"ReadAction","target":["https:\/\/www.lebertole.it\/de\/le-bertole-a-wine-paris-2026\/"]}]},{"@type":"ImageObject","inLanguage":"de","@id":"https:\/\/www.lebertole.it\/de\/le-bertole-a-wine-paris-2026\/#primaryimage","url":"https:\/\/www.lebertole.it\/wp-content\/uploads\/2026\/01\/LB_WINE-PARIS26.jpg","contentUrl":"https:\/\/www.lebertole.it\/wp-content\/uploads\/2026\/01\/LB_WINE-PARIS26.jpg","width":1080,"height":1350,"caption":"LE BERTOLE FIERA WINE PARIS"},{"@type":"BreadcrumbList","@id":"https:\/\/www.lebertole.it\/de\/le-bertole-a-wine-paris-2026\/#breadcrumb","itemListElement":[{"@type":"ListItem","position":1,"name":"Home","item":"https:\/\/www.lebertole.it\/de\/"},{"@type":"ListItem","position":2,"name":"Le Bertole auf der Wine Paris 2026"}]},{"@type":"WebSite","@id":"https:\/\/www.lebertole.it\/#website","url":"https:\/\/www.lebertole.it\/","name":"Le Bertole | Prosecco Valdobbiadene DOCG","description":"L&#039;Arte di fare il vino","publisher":{"@id":"https:\/\/www.lebertole.it\/#organization"},"potentialAction":[{"@type":"SearchAction","target":{"@type":"EntryPoint","urlTemplate":"https:\/\/www.lebertole.it\/?s={search_term_string}"},"query-input":{"@type":"PropertyValueSpecification","valueRequired":true,"valueName":"search_term_string"}}],"inLanguage":"de"},{"@type":"Organization","@id":"https:\/\/www.lebertole.it\/#organization","name":"Le Bertole","url":"https:\/\/www.lebertole.it\/","logo":{"@type":"ImageObject","inLanguage":"de","@id":"https:\/\/www.lebertole.it\/#\/schema\/logo\/image\/","url":"https:\/\/www.lebertole.it\/wp-content\/uploads\/2019\/07\/LeBertoleLogoCassetta.jpg","contentUrl":"https:\/\/www.lebertole.it\/wp-content\/uploads\/2019\/07\/LeBertoleLogoCassetta.jpg","width":1370,"height":243,"caption":"Le Bertole"},"image":{"@id":"https:\/\/www.lebertole.it\/#\/schema\/logo\/image\/"},"sameAs":["https:\/\/www.facebook.com\/lebertole\/","https:\/\/www.instagram.com\/le_bertole_valdobbiadene_docg\/"]},{"@type":"Person","@id":"https:\/\/www.lebertole.it\/#\/schema\/person\/d52188bb6ac96aef076248da018386d5","name":"bertole"}]}},"_links":{"self":[{"href":"https:\/\/www.lebertole.it\/de\/wp-json\/wp\/v2\/posts\/14237","targetHints":{"allow":["GET"]}}],"collection":[{"href":"https:\/\/www.lebertole.it\/de\/wp-json\/wp\/v2\/posts"}],"about":[{"href":"https:\/\/www.lebertole.it\/de\/wp-json\/wp\/v2\/types\/post"}],"author":[{"embeddable":true,"href":"https:\/\/www.lebertole.it\/de\/wp-json\/wp\/v2\/users\/1"}],"replies":[{"embeddable":true,"href":"https:\/\/www.lebertole.it\/de\/wp-json\/wp\/v2\/comments?post=14237"}],"version-history":[{"count":1,"href":"https:\/\/www.lebertole.it\/de\/wp-json\/wp\/v2\/posts\/14237\/revisions"}],"predecessor-version":[{"id":14238,"href":"https:\/\/www.lebertole.it\/de\/wp-json\/wp\/v2\/posts\/14237\/revisions\/14238"}],"wp:featuredmedia":[{"embeddable":true,"href":"https:\/\/www.lebertole.it\/de\/wp-json\/wp\/v2\/media\/14232"}],"wp:attachment":[{"href":"https:\/\/www.lebertole.it\/de\/wp-json\/wp\/v2\/media?parent=14237"}],"wp:term":[{"taxonomy":"category","embeddable":true,"href":"https:\/\/www.lebertole.it\/de\/wp-json\/wp\/v2\/categories?post=14237"}],"curies":[{"name":"wp","href":"https:\/\/api.w.org\/{rel}","templated":true}]}}