{"id":13473,"date":"2024-10-01T15:05:03","date_gmt":"2024-10-01T13:05:03","guid":{"rendered":"https:\/\/www.lebertole.it\/?p=13473"},"modified":"2024-10-01T15:05:26","modified_gmt":"2024-10-01T13:05:26","slug":"le-bertole-auf-dem-falstaff-schaumweinfestival-in-zuerich","status":"publish","type":"post","link":"https:\/\/www.lebertole.it\/de\/le-bertole-auf-dem-falstaff-schaumweinfestival-in-zuerich\/","title":{"rendered":"Le Bertole auf dem Falstaff Schaumweinfestival in Z\u00fcrich"},"content":{"rendered":"<p>Wir freuen uns, Ihnen mitteilen zu k\u00f6nnen, dass unser Weinkeller <strong>Le Bertole<\/strong> einer der G\u00e4ste des <strong>Falstaff Schaumweinfestivals Z\u00fcrich<\/strong> 2024 sein wird, das am Mittwoch,<em> 2. Oktober<\/em>, im <em>Hotel Ameron Bellerive au Lac<\/em> in<em> Z\u00fcrich<\/em> stattfindet.<\/p>\n<p>Die Veranstaltung, die von <em>Falstaff<\/em>, einem renommierten Verlag f\u00fcr Wein, Gastronomie und Reisen, organisiert wird, ist eine einmalige Gelegenheit f\u00fcr Schaumweinliebhaber.<\/p>\n<p>Neben unseren<strong> Valdobbiadene DOCGs<\/strong> k\u00f6nnen die G\u00e4ste ausgezeichnete Schaumweine aus der ganzen Welt probieren.<\/p>\n<p>Weitere Informationen und die M\u00f6glichkeit, Tickets zu reservieren, finden Sie auf der offiziellen Website unter dem folgenden <a href=\"https:\/\/www.falstaff.com\/at\/events\/falstaff-schaumweinfestival-schweiz-2024\">Link<\/a>.<\/p>\n<p>Wir sehen uns in der Schweiz!<\/p>\n","protected":false},"excerpt":{"rendered":"<p>Wir freuen uns, Ihnen mitteilen zu k\u00f6nnen, dass unser Weinkeller Le Bertole einer der G\u00e4ste des Falstaff Schaumweinfestivals Z\u00fcrich 2024 sein wird, das am Mittwoch, 2. Oktober, im Hotel Ameron Bellerive au Lac in Z\u00fcrich stattfindet. Die Veranstaltung, die von Falstaff, einem renommierten Verlag f\u00fcr Wein, Gastronomie und Reisen, organisiert wird, ist eine einmalige Gelegenheit [&hellip;]<\/p>\n","protected":false},"author":1,"featured_media":13468,"comment_status":"closed","ping_status":"closed","sticky":false,"template":"","format":"standard","meta":{"_acf_changed":false,"footnotes":""},"categories":[97,25],"class_list":["post-13473","post","type-post","status-publish","format-standard","has-post-thumbnail","hentry","category-cat-eventi-de","category-nachrichten"],"acf":[],"yoast_head":"<!-- This site is optimized with the Yoast SEO plugin v27.4 - https:\/\/yoast.com\/product\/yoast-seo-wordpress\/ -->\n<title>Le Bertole auf dem Falstaff Schaumweinfestival in Z\u00fcrich | LE BERTOLE | Valdobbiadene DOCG<\/title>\n<meta name=\"robots\" content=\"index, follow, max-snippet:-1, max-image-preview:large, max-video-preview:-1\" \/>\n<link rel=\"canonical\" href=\"https:\/\/www.lebertole.it\/de\/le-bertole-auf-dem-falstaff-schaumweinfestival-in-zuerich\/\" \/>\n<meta property=\"og:locale\" content=\"de_DE\" \/>\n<meta property=\"og:type\" content=\"article\" \/>\n<meta property=\"og:title\" content=\"Le Bertole auf dem Falstaff Schaumweinfestival in Z\u00fcrich | LE BERTOLE | Valdobbiadene DOCG\" \/>\n<meta property=\"og:description\" content=\"Wir freuen uns, Ihnen mitteilen zu k\u00f6nnen, dass unser Weinkeller Le Bertole einer der G\u00e4ste des Falstaff Schaumweinfestivals Z\u00fcrich 2024 sein wird, das am Mittwoch, 2. Oktober, im Hotel Ameron Bellerive au Lac in Z\u00fcrich stattfindet. Die Veranstaltung, die von Falstaff, einem renommierten Verlag f\u00fcr Wein, Gastronomie und Reisen, organisiert wird, ist eine einmalige Gelegenheit [&hellip;]\" \/>\n<meta property=\"og:url\" content=\"https:\/\/www.lebertole.it\/de\/le-bertole-auf-dem-falstaff-schaumweinfestival-in-zuerich\/\" \/>\n<meta property=\"og:site_name\" content=\"LE BERTOLE | Valdobbiadene DOCG\" \/>\n<meta property=\"article:publisher\" content=\"https:\/\/www.facebook.com\/lebertole\/\" \/>\n<meta property=\"article:published_time\" content=\"2024-10-01T13:05:03+00:00\" \/>\n<meta property=\"article:modified_time\" content=\"2024-10-01T13:05:26+00:00\" \/>\n<meta property=\"og:image\" content=\"https:\/\/www.lebertole.it\/wp-content\/uploads\/2024\/10\/csm_MicrosoftTeams-image__4__d697a9c81b-1.webp\" \/>\n\t<meta property=\"og:image:width\" content=\"1200\" \/>\n\t<meta property=\"og:image:height\" content=\"630\" \/>\n\t<meta property=\"og:image:type\" content=\"image\/webp\" \/>\n<meta name=\"author\" content=\"bertole\" \/>\n<meta name=\"twitter:card\" content=\"summary_large_image\" \/>\n<meta name=\"twitter:label1\" content=\"Verfasst von\" \/>\n\t<meta name=\"twitter:data1\" content=\"bertole\" \/>\n\t<meta name=\"twitter:label2\" content=\"Gesch\u00e4tzte Lesezeit\" \/>\n\t<meta name=\"twitter:data2\" content=\"1\u00a0Minute\" \/>\n<script type=\"application\/ld+json\" class=\"yoast-schema-graph\">{\"@context\":\"https:\\\/\\\/schema.org\",\"@graph\":[{\"@type\":\"Article\",\"@id\":\"https:\\\/\\\/www.lebertole.it\\\/de\\\/le-bertole-auf-dem-falstaff-schaumweinfestival-in-zuerich\\\/#article\",\"isPartOf\":{\"@id\":\"https:\\\/\\\/www.lebertole.it\\\/de\\\/le-bertole-auf-dem-falstaff-schaumweinfestival-in-zuerich\\\/\"},\"author\":{\"name\":\"bertole\",\"@id\":\"https:\\\/\\\/www.lebertole.it\\\/#\\\/schema\\\/person\\\/d52188bb6ac96aef076248da018386d5\"},\"headline\":\"Le Bertole auf dem Falstaff Schaumweinfestival in Z\u00fcrich\",\"datePublished\":\"2024-10-01T13:05:03+00:00\",\"dateModified\":\"2024-10-01T13:05:26+00:00\",\"mainEntityOfPage\":{\"@id\":\"https:\\\/\\\/www.lebertole.it\\\/de\\\/le-bertole-auf-dem-falstaff-schaumweinfestival-in-zuerich\\\/\"},\"wordCount\":111,\"publisher\":{\"@id\":\"https:\\\/\\\/www.lebertole.it\\\/#organization\"},\"image\":{\"@id\":\"https:\\\/\\\/www.lebertole.it\\\/de\\\/le-bertole-auf-dem-falstaff-schaumweinfestival-in-zuerich\\\/#primaryimage\"},\"thumbnailUrl\":\"https:\\\/\\\/www.lebertole.it\\\/wp-content\\\/uploads\\\/2024\\\/10\\\/csm_MicrosoftTeams-image__4__d697a9c81b-1.webp\",\"articleSection\":[\"Eventi\",\"Nachrichten\"],\"inLanguage\":\"de\"},{\"@type\":\"WebPage\",\"@id\":\"https:\\\/\\\/www.lebertole.it\\\/de\\\/le-bertole-auf-dem-falstaff-schaumweinfestival-in-zuerich\\\/\",\"url\":\"https:\\\/\\\/www.lebertole.it\\\/de\\\/le-bertole-auf-dem-falstaff-schaumweinfestival-in-zuerich\\\/\",\"name\":\"Le Bertole auf dem Falstaff Schaumweinfestival in Z\u00fcrich | LE BERTOLE | Valdobbiadene DOCG\",\"isPartOf\":{\"@id\":\"https:\\\/\\\/www.lebertole.it\\\/#website\"},\"primaryImageOfPage\":{\"@id\":\"https:\\\/\\\/www.lebertole.it\\\/de\\\/le-bertole-auf-dem-falstaff-schaumweinfestival-in-zuerich\\\/#primaryimage\"},\"image\":{\"@id\":\"https:\\\/\\\/www.lebertole.it\\\/de\\\/le-bertole-auf-dem-falstaff-schaumweinfestival-in-zuerich\\\/#primaryimage\"},\"thumbnailUrl\":\"https:\\\/\\\/www.lebertole.it\\\/wp-content\\\/uploads\\\/2024\\\/10\\\/csm_MicrosoftTeams-image__4__d697a9c81b-1.webp\",\"datePublished\":\"2024-10-01T13:05:03+00:00\",\"dateModified\":\"2024-10-01T13:05:26+00:00\",\"breadcrumb\":{\"@id\":\"https:\\\/\\\/www.lebertole.it\\\/de\\\/le-bertole-auf-dem-falstaff-schaumweinfestival-in-zuerich\\\/#breadcrumb\"},\"inLanguage\":\"de\",\"potentialAction\":[{\"@type\":\"ReadAction\",\"target\":[\"https:\\\/\\\/www.lebertole.it\\\/de\\\/le-bertole-auf-dem-falstaff-schaumweinfestival-in-zuerich\\\/\"]}]},{\"@type\":\"ImageObject\",\"inLanguage\":\"de\",\"@id\":\"https:\\\/\\\/www.lebertole.it\\\/de\\\/le-bertole-auf-dem-falstaff-schaumweinfestival-in-zuerich\\\/#primaryimage\",\"url\":\"https:\\\/\\\/www.lebertole.it\\\/wp-content\\\/uploads\\\/2024\\\/10\\\/csm_MicrosoftTeams-image__4__d697a9c81b-1.webp\",\"contentUrl\":\"https:\\\/\\\/www.lebertole.it\\\/wp-content\\\/uploads\\\/2024\\\/10\\\/csm_MicrosoftTeams-image__4__d697a9c81b-1.webp\",\"width\":1200,\"height\":630,\"caption\":\"Falstaff Schaumweinfestival Z\u00fcrich 2024\"},{\"@type\":\"BreadcrumbList\",\"@id\":\"https:\\\/\\\/www.lebertole.it\\\/de\\\/le-bertole-auf-dem-falstaff-schaumweinfestival-in-zuerich\\\/#breadcrumb\",\"itemListElement\":[{\"@type\":\"ListItem\",\"position\":1,\"name\":\"Home\",\"item\":\"https:\\\/\\\/www.lebertole.it\\\/de\\\/\"},{\"@type\":\"ListItem\",\"position\":2,\"name\":\"Le Bertole auf dem Falstaff Schaumweinfestival in Z\u00fcrich\"}]},{\"@type\":\"WebSite\",\"@id\":\"https:\\\/\\\/www.lebertole.it\\\/#website\",\"url\":\"https:\\\/\\\/www.lebertole.it\\\/\",\"name\":\"Le Bertole | Prosecco Valdobbiadene DOCG\",\"description\":\"L&#039;Arte di fare il vino\",\"publisher\":{\"@id\":\"https:\\\/\\\/www.lebertole.it\\\/#organization\"},\"potentialAction\":[{\"@type\":\"SearchAction\",\"target\":{\"@type\":\"EntryPoint\",\"urlTemplate\":\"https:\\\/\\\/www.lebertole.it\\\/?s={search_term_string}\"},\"query-input\":{\"@type\":\"PropertyValueSpecification\",\"valueRequired\":true,\"valueName\":\"search_term_string\"}}],\"inLanguage\":\"de\"},{\"@type\":\"Organization\",\"@id\":\"https:\\\/\\\/www.lebertole.it\\\/#organization\",\"name\":\"Le Bertole\",\"url\":\"https:\\\/\\\/www.lebertole.it\\\/\",\"logo\":{\"@type\":\"ImageObject\",\"inLanguage\":\"de\",\"@id\":\"https:\\\/\\\/www.lebertole.it\\\/#\\\/schema\\\/logo\\\/image\\\/\",\"url\":\"https:\\\/\\\/www.lebertole.it\\\/wp-content\\\/uploads\\\/2019\\\/07\\\/LeBertoleLogoCassetta.jpg\",\"contentUrl\":\"https:\\\/\\\/www.lebertole.it\\\/wp-content\\\/uploads\\\/2019\\\/07\\\/LeBertoleLogoCassetta.jpg\",\"width\":1370,\"height\":243,\"caption\":\"Le Bertole\"},\"image\":{\"@id\":\"https:\\\/\\\/www.lebertole.it\\\/#\\\/schema\\\/logo\\\/image\\\/\"},\"sameAs\":[\"https:\\\/\\\/www.facebook.com\\\/lebertole\\\/\",\"https:\\\/\\\/www.instagram.com\\\/le_bertole_valdobbiadene_docg\\\/\"]},{\"@type\":\"Person\",\"@id\":\"https:\\\/\\\/www.lebertole.it\\\/#\\\/schema\\\/person\\\/d52188bb6ac96aef076248da018386d5\",\"name\":\"bertole\"}]}<\/script>\n<!-- \/ Yoast SEO plugin. -->","yoast_head_json":{"title":"Le Bertole auf dem Falstaff Schaumweinfestival in Z\u00fcrich | LE BERTOLE | Valdobbiadene DOCG","robots":{"index":"index","follow":"follow","max-snippet":"max-snippet:-1","max-image-preview":"max-image-preview:large","max-video-preview":"max-video-preview:-1"},"canonical":"https:\/\/www.lebertole.it\/de\/le-bertole-auf-dem-falstaff-schaumweinfestival-in-zuerich\/","og_locale":"de_DE","og_type":"article","og_title":"Le Bertole auf dem Falstaff Schaumweinfestival in Z\u00fcrich | LE BERTOLE | Valdobbiadene DOCG","og_description":"Wir freuen uns, Ihnen mitteilen zu k\u00f6nnen, dass unser Weinkeller Le Bertole einer der G\u00e4ste des Falstaff Schaumweinfestivals Z\u00fcrich 2024 sein wird, das am Mittwoch, 2. Oktober, im Hotel Ameron Bellerive au Lac in Z\u00fcrich stattfindet. Die Veranstaltung, die von Falstaff, einem renommierten Verlag f\u00fcr Wein, Gastronomie und Reisen, organisiert wird, ist eine einmalige Gelegenheit [&hellip;]","og_url":"https:\/\/www.lebertole.it\/de\/le-bertole-auf-dem-falstaff-schaumweinfestival-in-zuerich\/","og_site_name":"LE BERTOLE | Valdobbiadene DOCG","article_publisher":"https:\/\/www.facebook.com\/lebertole\/","article_published_time":"2024-10-01T13:05:03+00:00","article_modified_time":"2024-10-01T13:05:26+00:00","og_image":[{"width":1200,"height":630,"url":"https:\/\/www.lebertole.it\/wp-content\/uploads\/2024\/10\/csm_MicrosoftTeams-image__4__d697a9c81b-1.webp","type":"image\/webp"}],"author":"bertole","twitter_card":"summary_large_image","twitter_misc":{"Verfasst von":"bertole","Gesch\u00e4tzte Lesezeit":"1\u00a0Minute"},"schema":{"@context":"https:\/\/schema.org","@graph":[{"@type":"Article","@id":"https:\/\/www.lebertole.it\/de\/le-bertole-auf-dem-falstaff-schaumweinfestival-in-zuerich\/#article","isPartOf":{"@id":"https:\/\/www.lebertole.it\/de\/le-bertole-auf-dem-falstaff-schaumweinfestival-in-zuerich\/"},"author":{"name":"bertole","@id":"https:\/\/www.lebertole.it\/#\/schema\/person\/d52188bb6ac96aef076248da018386d5"},"headline":"Le Bertole auf dem Falstaff Schaumweinfestival in Z\u00fcrich","datePublished":"2024-10-01T13:05:03+00:00","dateModified":"2024-10-01T13:05:26+00:00","mainEntityOfPage":{"@id":"https:\/\/www.lebertole.it\/de\/le-bertole-auf-dem-falstaff-schaumweinfestival-in-zuerich\/"},"wordCount":111,"publisher":{"@id":"https:\/\/www.lebertole.it\/#organization"},"image":{"@id":"https:\/\/www.lebertole.it\/de\/le-bertole-auf-dem-falstaff-schaumweinfestival-in-zuerich\/#primaryimage"},"thumbnailUrl":"https:\/\/www.lebertole.it\/wp-content\/uploads\/2024\/10\/csm_MicrosoftTeams-image__4__d697a9c81b-1.webp","articleSection":["Eventi","Nachrichten"],"inLanguage":"de"},{"@type":"WebPage","@id":"https:\/\/www.lebertole.it\/de\/le-bertole-auf-dem-falstaff-schaumweinfestival-in-zuerich\/","url":"https:\/\/www.lebertole.it\/de\/le-bertole-auf-dem-falstaff-schaumweinfestival-in-zuerich\/","name":"Le Bertole auf dem Falstaff Schaumweinfestival in Z\u00fcrich | LE BERTOLE | Valdobbiadene DOCG","isPartOf":{"@id":"https:\/\/www.lebertole.it\/#website"},"primaryImageOfPage":{"@id":"https:\/\/www.lebertole.it\/de\/le-bertole-auf-dem-falstaff-schaumweinfestival-in-zuerich\/#primaryimage"},"image":{"@id":"https:\/\/www.lebertole.it\/de\/le-bertole-auf-dem-falstaff-schaumweinfestival-in-zuerich\/#primaryimage"},"thumbnailUrl":"https:\/\/www.lebertole.it\/wp-content\/uploads\/2024\/10\/csm_MicrosoftTeams-image__4__d697a9c81b-1.webp","datePublished":"2024-10-01T13:05:03+00:00","dateModified":"2024-10-01T13:05:26+00:00","breadcrumb":{"@id":"https:\/\/www.lebertole.it\/de\/le-bertole-auf-dem-falstaff-schaumweinfestival-in-zuerich\/#breadcrumb"},"inLanguage":"de","potentialAction":[{"@type":"ReadAction","target":["https:\/\/www.lebertole.it\/de\/le-bertole-auf-dem-falstaff-schaumweinfestival-in-zuerich\/"]}]},{"@type":"ImageObject","inLanguage":"de","@id":"https:\/\/www.lebertole.it\/de\/le-bertole-auf-dem-falstaff-schaumweinfestival-in-zuerich\/#primaryimage","url":"https:\/\/www.lebertole.it\/wp-content\/uploads\/2024\/10\/csm_MicrosoftTeams-image__4__d697a9c81b-1.webp","contentUrl":"https:\/\/www.lebertole.it\/wp-content\/uploads\/2024\/10\/csm_MicrosoftTeams-image__4__d697a9c81b-1.webp","width":1200,"height":630,"caption":"Falstaff Schaumweinfestival Z\u00fcrich 2024"},{"@type":"BreadcrumbList","@id":"https:\/\/www.lebertole.it\/de\/le-bertole-auf-dem-falstaff-schaumweinfestival-in-zuerich\/#breadcrumb","itemListElement":[{"@type":"ListItem","position":1,"name":"Home","item":"https:\/\/www.lebertole.it\/de\/"},{"@type":"ListItem","position":2,"name":"Le Bertole auf dem Falstaff Schaumweinfestival in Z\u00fcrich"}]},{"@type":"WebSite","@id":"https:\/\/www.lebertole.it\/#website","url":"https:\/\/www.lebertole.it\/","name":"Le Bertole | Prosecco Valdobbiadene DOCG","description":"L&#039;Arte di fare il vino","publisher":{"@id":"https:\/\/www.lebertole.it\/#organization"},"potentialAction":[{"@type":"SearchAction","target":{"@type":"EntryPoint","urlTemplate":"https:\/\/www.lebertole.it\/?s={search_term_string}"},"query-input":{"@type":"PropertyValueSpecification","valueRequired":true,"valueName":"search_term_string"}}],"inLanguage":"de"},{"@type":"Organization","@id":"https:\/\/www.lebertole.it\/#organization","name":"Le Bertole","url":"https:\/\/www.lebertole.it\/","logo":{"@type":"ImageObject","inLanguage":"de","@id":"https:\/\/www.lebertole.it\/#\/schema\/logo\/image\/","url":"https:\/\/www.lebertole.it\/wp-content\/uploads\/2019\/07\/LeBertoleLogoCassetta.jpg","contentUrl":"https:\/\/www.lebertole.it\/wp-content\/uploads\/2019\/07\/LeBertoleLogoCassetta.jpg","width":1370,"height":243,"caption":"Le Bertole"},"image":{"@id":"https:\/\/www.lebertole.it\/#\/schema\/logo\/image\/"},"sameAs":["https:\/\/www.facebook.com\/lebertole\/","https:\/\/www.instagram.com\/le_bertole_valdobbiadene_docg\/"]},{"@type":"Person","@id":"https:\/\/www.lebertole.it\/#\/schema\/person\/d52188bb6ac96aef076248da018386d5","name":"bertole"}]}},"_links":{"self":[{"href":"https:\/\/www.lebertole.it\/de\/wp-json\/wp\/v2\/posts\/13473","targetHints":{"allow":["GET"]}}],"collection":[{"href":"https:\/\/www.lebertole.it\/de\/wp-json\/wp\/v2\/posts"}],"about":[{"href":"https:\/\/www.lebertole.it\/de\/wp-json\/wp\/v2\/types\/post"}],"author":[{"embeddable":true,"href":"https:\/\/www.lebertole.it\/de\/wp-json\/wp\/v2\/users\/1"}],"replies":[{"embeddable":true,"href":"https:\/\/www.lebertole.it\/de\/wp-json\/wp\/v2\/comments?post=13473"}],"version-history":[{"count":1,"href":"https:\/\/www.lebertole.it\/de\/wp-json\/wp\/v2\/posts\/13473\/revisions"}],"predecessor-version":[{"id":13474,"href":"https:\/\/www.lebertole.it\/de\/wp-json\/wp\/v2\/posts\/13473\/revisions\/13474"}],"wp:featuredmedia":[{"embeddable":true,"href":"https:\/\/www.lebertole.it\/de\/wp-json\/wp\/v2\/media\/13468"}],"wp:attachment":[{"href":"https:\/\/www.lebertole.it\/de\/wp-json\/wp\/v2\/media?parent=13473"}],"wp:term":[{"taxonomy":"category","embeddable":true,"href":"https:\/\/www.lebertole.it\/de\/wp-json\/wp\/v2\/categories?post=13473"}],"curies":[{"name":"wp","href":"https:\/\/api.w.org\/{rel}","templated":true}]}}