{"id":13216,"date":"2024-08-07T16:07:31","date_gmt":"2024-08-07T14:07:31","guid":{"rendered":"https:\/\/www.lebertole.it\/le-bertole-supporta-la-rassegna-follina-racconta-musica\/"},"modified":"2024-08-10T16:16:59","modified_gmt":"2024-08-10T14:16:59","slug":"le-bertole-supporta-la-rassegna-follina-racconta-musica","status":"publish","type":"post","link":"https:\/\/www.lebertole.it\/de\/le-bertole-supporta-la-rassegna-follina-racconta-musica\/","title":{"rendered":"Le Bertole unterst\u00fctzt die Veranstaltung &#8222;Follina Racconta Musica&#8220;"},"content":{"rendered":"<p>Wir freuen uns, Ihnen ank\u00fcndigen zu k\u00f6nnen, dass wir bei der zweiten Ausgabe des Festivals <strong>&#8222;Follina Racconta Musica&#8220;<\/strong> dabei sein werden, einer Veranstaltung, die dem Geschichtenerz\u00e4hlen und der Musik gewidmet ist und das ganze Jahr \u00fcber an verschiedenen bedeutenden Orten in der Stadt Follina stattfinden wird.<\/p>\n<p>Insbesondere werden wir am Abend des <strong>24. August 2024<\/strong> bei der Abschlussauff\u00fchrung des Projekts &#8222;FRM in residence&#8220; anwesend sein, einem Kurs in italienischem Madrigalgesang und Improvisation unter der Leitung von Matteo Zenatti und Luis Piai.<\/p>\n<p>Zum Abschluss des Abends werden unsere <strong>Valdobbiadene Docg<\/strong>-Schaumweine angeboten, um mit dem Publikum anzusto\u00dfen. Dies ist der Zusammenarbeit mit Visit Follina zu verdanken, die eine Gelegenheit des Austauschs und der kulturellen Begegnung erm\u00f6glichte.<\/p>\n<p><em>Infos und Reservierungen: info@comitato-feste.it | 339 8954331 &#8211; 338 8835488 | www.visitfollina.it<\/em><\/p>\n","protected":false},"excerpt":{"rendered":"<p>Wir freuen uns, Ihnen ank\u00fcndigen zu k\u00f6nnen, dass wir bei der zweiten Ausgabe des Festivals &#8222;Follina Racconta Musica&#8220; dabei sein werden, einer Veranstaltung, die dem Geschichtenerz\u00e4hlen und der Musik gewidmet ist und das ganze Jahr \u00fcber an verschiedenen bedeutenden Orten in der Stadt Follina stattfinden wird. Insbesondere werden wir am Abend des 24. August 2024 [&hellip;]<\/p>\n","protected":false},"author":1,"featured_media":13212,"comment_status":"closed","ping_status":"closed","sticky":false,"template":"","format":"standard","meta":{"_acf_changed":false,"footnotes":""},"categories":[25],"class_list":["post-13216","post","type-post","status-publish","format-standard","has-post-thumbnail","hentry","category-nachrichten"],"acf":[],"yoast_head":"<!-- This site is optimized with the Yoast SEO plugin v27.4 - https:\/\/yoast.com\/product\/yoast-seo-wordpress\/ -->\n<title>Le Bertole unterst\u00fctzt die Veranstaltung &quot;Follina Racconta Musica&quot; | LE BERTOLE | Valdobbiadene DOCG<\/title>\n<meta name=\"robots\" content=\"index, follow, max-snippet:-1, max-image-preview:large, max-video-preview:-1\" \/>\n<link rel=\"canonical\" href=\"https:\/\/www.lebertole.it\/de\/le-bertole-supporta-la-rassegna-follina-racconta-musica\/\" \/>\n<meta property=\"og:locale\" content=\"de_DE\" \/>\n<meta property=\"og:type\" content=\"article\" \/>\n<meta property=\"og:title\" content=\"Le Bertole unterst\u00fctzt die Veranstaltung &quot;Follina Racconta Musica&quot; | LE BERTOLE | Valdobbiadene DOCG\" \/>\n<meta property=\"og:description\" content=\"Wir freuen uns, Ihnen ank\u00fcndigen zu k\u00f6nnen, dass wir bei der zweiten Ausgabe des Festivals &#8222;Follina Racconta Musica&#8220; dabei sein werden, einer Veranstaltung, die dem Geschichtenerz\u00e4hlen und der Musik gewidmet ist und das ganze Jahr \u00fcber an verschiedenen bedeutenden Orten in der Stadt Follina stattfinden wird. Insbesondere werden wir am Abend des 24. August 2024 [&hellip;]\" \/>\n<meta property=\"og:url\" content=\"https:\/\/www.lebertole.it\/de\/le-bertole-supporta-la-rassegna-follina-racconta-musica\/\" \/>\n<meta property=\"og:site_name\" content=\"LE BERTOLE | Valdobbiadene DOCG\" \/>\n<meta property=\"article:publisher\" content=\"https:\/\/www.facebook.com\/lebertole\/\" \/>\n<meta property=\"article:published_time\" content=\"2024-08-07T14:07:31+00:00\" \/>\n<meta property=\"article:modified_time\" content=\"2024-08-10T14:16:59+00:00\" \/>\n<meta property=\"og:image\" content=\"https:\/\/www.lebertole.it\/wp-content\/uploads\/2024\/08\/2.jpg\" \/>\n\t<meta property=\"og:image:width\" content=\"1426\" \/>\n\t<meta property=\"og:image:height\" content=\"1600\" \/>\n\t<meta property=\"og:image:type\" content=\"image\/jpeg\" \/>\n<meta name=\"author\" content=\"bertole\" \/>\n<meta name=\"twitter:card\" content=\"summary_large_image\" \/>\n<meta name=\"twitter:label1\" content=\"Verfasst von\" \/>\n\t<meta name=\"twitter:data1\" content=\"bertole\" \/>\n\t<meta name=\"twitter:label2\" content=\"Gesch\u00e4tzte Lesezeit\" \/>\n\t<meta name=\"twitter:data2\" content=\"1\u00a0Minute\" \/>\n<script type=\"application\/ld+json\" class=\"yoast-schema-graph\">{\"@context\":\"https:\\\/\\\/schema.org\",\"@graph\":[{\"@type\":\"Article\",\"@id\":\"https:\\\/\\\/www.lebertole.it\\\/de\\\/le-bertole-supporta-la-rassegna-follina-racconta-musica\\\/#article\",\"isPartOf\":{\"@id\":\"https:\\\/\\\/www.lebertole.it\\\/de\\\/le-bertole-supporta-la-rassegna-follina-racconta-musica\\\/\"},\"author\":{\"name\":\"bertole\",\"@id\":\"https:\\\/\\\/www.lebertole.it\\\/#\\\/schema\\\/person\\\/d52188bb6ac96aef076248da018386d5\"},\"headline\":\"Le Bertole unterst\u00fctzt die Veranstaltung &#8222;Follina Racconta Musica&#8220;\",\"datePublished\":\"2024-08-07T14:07:31+00:00\",\"dateModified\":\"2024-08-10T14:16:59+00:00\",\"mainEntityOfPage\":{\"@id\":\"https:\\\/\\\/www.lebertole.it\\\/de\\\/le-bertole-supporta-la-rassegna-follina-racconta-musica\\\/\"},\"wordCount\":137,\"publisher\":{\"@id\":\"https:\\\/\\\/www.lebertole.it\\\/#organization\"},\"image\":{\"@id\":\"https:\\\/\\\/www.lebertole.it\\\/de\\\/le-bertole-supporta-la-rassegna-follina-racconta-musica\\\/#primaryimage\"},\"thumbnailUrl\":\"https:\\\/\\\/www.lebertole.it\\\/wp-content\\\/uploads\\\/2024\\\/08\\\/2.jpg\",\"articleSection\":[\"Nachrichten\"],\"inLanguage\":\"de\"},{\"@type\":\"WebPage\",\"@id\":\"https:\\\/\\\/www.lebertole.it\\\/de\\\/le-bertole-supporta-la-rassegna-follina-racconta-musica\\\/\",\"url\":\"https:\\\/\\\/www.lebertole.it\\\/de\\\/le-bertole-supporta-la-rassegna-follina-racconta-musica\\\/\",\"name\":\"Le Bertole unterst\u00fctzt die Veranstaltung \\\"Follina Racconta Musica\\\" | LE BERTOLE | Valdobbiadene DOCG\",\"isPartOf\":{\"@id\":\"https:\\\/\\\/www.lebertole.it\\\/#website\"},\"primaryImageOfPage\":{\"@id\":\"https:\\\/\\\/www.lebertole.it\\\/de\\\/le-bertole-supporta-la-rassegna-follina-racconta-musica\\\/#primaryimage\"},\"image\":{\"@id\":\"https:\\\/\\\/www.lebertole.it\\\/de\\\/le-bertole-supporta-la-rassegna-follina-racconta-musica\\\/#primaryimage\"},\"thumbnailUrl\":\"https:\\\/\\\/www.lebertole.it\\\/wp-content\\\/uploads\\\/2024\\\/08\\\/2.jpg\",\"datePublished\":\"2024-08-07T14:07:31+00:00\",\"dateModified\":\"2024-08-10T14:16:59+00:00\",\"breadcrumb\":{\"@id\":\"https:\\\/\\\/www.lebertole.it\\\/de\\\/le-bertole-supporta-la-rassegna-follina-racconta-musica\\\/#breadcrumb\"},\"inLanguage\":\"de\",\"potentialAction\":[{\"@type\":\"ReadAction\",\"target\":[\"https:\\\/\\\/www.lebertole.it\\\/de\\\/le-bertole-supporta-la-rassegna-follina-racconta-musica\\\/\"]}]},{\"@type\":\"ImageObject\",\"inLanguage\":\"de\",\"@id\":\"https:\\\/\\\/www.lebertole.it\\\/de\\\/le-bertole-supporta-la-rassegna-follina-racconta-musica\\\/#primaryimage\",\"url\":\"https:\\\/\\\/www.lebertole.it\\\/wp-content\\\/uploads\\\/2024\\\/08\\\/2.jpg\",\"contentUrl\":\"https:\\\/\\\/www.lebertole.it\\\/wp-content\\\/uploads\\\/2024\\\/08\\\/2.jpg\",\"width\":1426,\"height\":1600,\"caption\":\"Follina Racconta Musica\"},{\"@type\":\"BreadcrumbList\",\"@id\":\"https:\\\/\\\/www.lebertole.it\\\/de\\\/le-bertole-supporta-la-rassegna-follina-racconta-musica\\\/#breadcrumb\",\"itemListElement\":[{\"@type\":\"ListItem\",\"position\":1,\"name\":\"Home\",\"item\":\"https:\\\/\\\/www.lebertole.it\\\/de\\\/\"},{\"@type\":\"ListItem\",\"position\":2,\"name\":\"Le Bertole unterst\u00fctzt die Veranstaltung &#8222;Follina Racconta Musica&#8220;\"}]},{\"@type\":\"WebSite\",\"@id\":\"https:\\\/\\\/www.lebertole.it\\\/#website\",\"url\":\"https:\\\/\\\/www.lebertole.it\\\/\",\"name\":\"Le Bertole | Prosecco Valdobbiadene DOCG\",\"description\":\"L&#039;Arte di fare il vino\",\"publisher\":{\"@id\":\"https:\\\/\\\/www.lebertole.it\\\/#organization\"},\"potentialAction\":[{\"@type\":\"SearchAction\",\"target\":{\"@type\":\"EntryPoint\",\"urlTemplate\":\"https:\\\/\\\/www.lebertole.it\\\/?s={search_term_string}\"},\"query-input\":{\"@type\":\"PropertyValueSpecification\",\"valueRequired\":true,\"valueName\":\"search_term_string\"}}],\"inLanguage\":\"de\"},{\"@type\":\"Organization\",\"@id\":\"https:\\\/\\\/www.lebertole.it\\\/#organization\",\"name\":\"Le Bertole\",\"url\":\"https:\\\/\\\/www.lebertole.it\\\/\",\"logo\":{\"@type\":\"ImageObject\",\"inLanguage\":\"de\",\"@id\":\"https:\\\/\\\/www.lebertole.it\\\/#\\\/schema\\\/logo\\\/image\\\/\",\"url\":\"https:\\\/\\\/www.lebertole.it\\\/wp-content\\\/uploads\\\/2019\\\/07\\\/LeBertoleLogoCassetta.jpg\",\"contentUrl\":\"https:\\\/\\\/www.lebertole.it\\\/wp-content\\\/uploads\\\/2019\\\/07\\\/LeBertoleLogoCassetta.jpg\",\"width\":1370,\"height\":243,\"caption\":\"Le Bertole\"},\"image\":{\"@id\":\"https:\\\/\\\/www.lebertole.it\\\/#\\\/schema\\\/logo\\\/image\\\/\"},\"sameAs\":[\"https:\\\/\\\/www.facebook.com\\\/lebertole\\\/\",\"https:\\\/\\\/www.instagram.com\\\/le_bertole_valdobbiadene_docg\\\/\"]},{\"@type\":\"Person\",\"@id\":\"https:\\\/\\\/www.lebertole.it\\\/#\\\/schema\\\/person\\\/d52188bb6ac96aef076248da018386d5\",\"name\":\"bertole\"}]}<\/script>\n<!-- \/ Yoast SEO plugin. -->","yoast_head_json":{"title":"Le Bertole unterst\u00fctzt die Veranstaltung \"Follina Racconta Musica\" | LE BERTOLE | Valdobbiadene DOCG","robots":{"index":"index","follow":"follow","max-snippet":"max-snippet:-1","max-image-preview":"max-image-preview:large","max-video-preview":"max-video-preview:-1"},"canonical":"https:\/\/www.lebertole.it\/de\/le-bertole-supporta-la-rassegna-follina-racconta-musica\/","og_locale":"de_DE","og_type":"article","og_title":"Le Bertole unterst\u00fctzt die Veranstaltung \"Follina Racconta Musica\" | LE BERTOLE | Valdobbiadene DOCG","og_description":"Wir freuen uns, Ihnen ank\u00fcndigen zu k\u00f6nnen, dass wir bei der zweiten Ausgabe des Festivals &#8222;Follina Racconta Musica&#8220; dabei sein werden, einer Veranstaltung, die dem Geschichtenerz\u00e4hlen und der Musik gewidmet ist und das ganze Jahr \u00fcber an verschiedenen bedeutenden Orten in der Stadt Follina stattfinden wird. Insbesondere werden wir am Abend des 24. August 2024 [&hellip;]","og_url":"https:\/\/www.lebertole.it\/de\/le-bertole-supporta-la-rassegna-follina-racconta-musica\/","og_site_name":"LE BERTOLE | Valdobbiadene DOCG","article_publisher":"https:\/\/www.facebook.com\/lebertole\/","article_published_time":"2024-08-07T14:07:31+00:00","article_modified_time":"2024-08-10T14:16:59+00:00","og_image":[{"width":1426,"height":1600,"url":"https:\/\/www.lebertole.it\/wp-content\/uploads\/2024\/08\/2.jpg","type":"image\/jpeg"}],"author":"bertole","twitter_card":"summary_large_image","twitter_misc":{"Verfasst von":"bertole","Gesch\u00e4tzte Lesezeit":"1\u00a0Minute"},"schema":{"@context":"https:\/\/schema.org","@graph":[{"@type":"Article","@id":"https:\/\/www.lebertole.it\/de\/le-bertole-supporta-la-rassegna-follina-racconta-musica\/#article","isPartOf":{"@id":"https:\/\/www.lebertole.it\/de\/le-bertole-supporta-la-rassegna-follina-racconta-musica\/"},"author":{"name":"bertole","@id":"https:\/\/www.lebertole.it\/#\/schema\/person\/d52188bb6ac96aef076248da018386d5"},"headline":"Le Bertole unterst\u00fctzt die Veranstaltung &#8222;Follina Racconta Musica&#8220;","datePublished":"2024-08-07T14:07:31+00:00","dateModified":"2024-08-10T14:16:59+00:00","mainEntityOfPage":{"@id":"https:\/\/www.lebertole.it\/de\/le-bertole-supporta-la-rassegna-follina-racconta-musica\/"},"wordCount":137,"publisher":{"@id":"https:\/\/www.lebertole.it\/#organization"},"image":{"@id":"https:\/\/www.lebertole.it\/de\/le-bertole-supporta-la-rassegna-follina-racconta-musica\/#primaryimage"},"thumbnailUrl":"https:\/\/www.lebertole.it\/wp-content\/uploads\/2024\/08\/2.jpg","articleSection":["Nachrichten"],"inLanguage":"de"},{"@type":"WebPage","@id":"https:\/\/www.lebertole.it\/de\/le-bertole-supporta-la-rassegna-follina-racconta-musica\/","url":"https:\/\/www.lebertole.it\/de\/le-bertole-supporta-la-rassegna-follina-racconta-musica\/","name":"Le Bertole unterst\u00fctzt die Veranstaltung \"Follina Racconta Musica\" | LE BERTOLE | Valdobbiadene DOCG","isPartOf":{"@id":"https:\/\/www.lebertole.it\/#website"},"primaryImageOfPage":{"@id":"https:\/\/www.lebertole.it\/de\/le-bertole-supporta-la-rassegna-follina-racconta-musica\/#primaryimage"},"image":{"@id":"https:\/\/www.lebertole.it\/de\/le-bertole-supporta-la-rassegna-follina-racconta-musica\/#primaryimage"},"thumbnailUrl":"https:\/\/www.lebertole.it\/wp-content\/uploads\/2024\/08\/2.jpg","datePublished":"2024-08-07T14:07:31+00:00","dateModified":"2024-08-10T14:16:59+00:00","breadcrumb":{"@id":"https:\/\/www.lebertole.it\/de\/le-bertole-supporta-la-rassegna-follina-racconta-musica\/#breadcrumb"},"inLanguage":"de","potentialAction":[{"@type":"ReadAction","target":["https:\/\/www.lebertole.it\/de\/le-bertole-supporta-la-rassegna-follina-racconta-musica\/"]}]},{"@type":"ImageObject","inLanguage":"de","@id":"https:\/\/www.lebertole.it\/de\/le-bertole-supporta-la-rassegna-follina-racconta-musica\/#primaryimage","url":"https:\/\/www.lebertole.it\/wp-content\/uploads\/2024\/08\/2.jpg","contentUrl":"https:\/\/www.lebertole.it\/wp-content\/uploads\/2024\/08\/2.jpg","width":1426,"height":1600,"caption":"Follina Racconta Musica"},{"@type":"BreadcrumbList","@id":"https:\/\/www.lebertole.it\/de\/le-bertole-supporta-la-rassegna-follina-racconta-musica\/#breadcrumb","itemListElement":[{"@type":"ListItem","position":1,"name":"Home","item":"https:\/\/www.lebertole.it\/de\/"},{"@type":"ListItem","position":2,"name":"Le Bertole unterst\u00fctzt die Veranstaltung &#8222;Follina Racconta Musica&#8220;"}]},{"@type":"WebSite","@id":"https:\/\/www.lebertole.it\/#website","url":"https:\/\/www.lebertole.it\/","name":"Le Bertole | Prosecco Valdobbiadene DOCG","description":"L&#039;Arte di fare il vino","publisher":{"@id":"https:\/\/www.lebertole.it\/#organization"},"potentialAction":[{"@type":"SearchAction","target":{"@type":"EntryPoint","urlTemplate":"https:\/\/www.lebertole.it\/?s={search_term_string}"},"query-input":{"@type":"PropertyValueSpecification","valueRequired":true,"valueName":"search_term_string"}}],"inLanguage":"de"},{"@type":"Organization","@id":"https:\/\/www.lebertole.it\/#organization","name":"Le Bertole","url":"https:\/\/www.lebertole.it\/","logo":{"@type":"ImageObject","inLanguage":"de","@id":"https:\/\/www.lebertole.it\/#\/schema\/logo\/image\/","url":"https:\/\/www.lebertole.it\/wp-content\/uploads\/2019\/07\/LeBertoleLogoCassetta.jpg","contentUrl":"https:\/\/www.lebertole.it\/wp-content\/uploads\/2019\/07\/LeBertoleLogoCassetta.jpg","width":1370,"height":243,"caption":"Le Bertole"},"image":{"@id":"https:\/\/www.lebertole.it\/#\/schema\/logo\/image\/"},"sameAs":["https:\/\/www.facebook.com\/lebertole\/","https:\/\/www.instagram.com\/le_bertole_valdobbiadene_docg\/"]},{"@type":"Person","@id":"https:\/\/www.lebertole.it\/#\/schema\/person\/d52188bb6ac96aef076248da018386d5","name":"bertole"}]}},"_links":{"self":[{"href":"https:\/\/www.lebertole.it\/de\/wp-json\/wp\/v2\/posts\/13216","targetHints":{"allow":["GET"]}}],"collection":[{"href":"https:\/\/www.lebertole.it\/de\/wp-json\/wp\/v2\/posts"}],"about":[{"href":"https:\/\/www.lebertole.it\/de\/wp-json\/wp\/v2\/types\/post"}],"author":[{"embeddable":true,"href":"https:\/\/www.lebertole.it\/de\/wp-json\/wp\/v2\/users\/1"}],"replies":[{"embeddable":true,"href":"https:\/\/www.lebertole.it\/de\/wp-json\/wp\/v2\/comments?post=13216"}],"version-history":[{"count":1,"href":"https:\/\/www.lebertole.it\/de\/wp-json\/wp\/v2\/posts\/13216\/revisions"}],"predecessor-version":[{"id":13219,"href":"https:\/\/www.lebertole.it\/de\/wp-json\/wp\/v2\/posts\/13216\/revisions\/13219"}],"wp:featuredmedia":[{"embeddable":true,"href":"https:\/\/www.lebertole.it\/de\/wp-json\/wp\/v2\/media\/13212"}],"wp:attachment":[{"href":"https:\/\/www.lebertole.it\/de\/wp-json\/wp\/v2\/media?parent=13216"}],"wp:term":[{"taxonomy":"category","embeddable":true,"href":"https:\/\/www.lebertole.it\/de\/wp-json\/wp\/v2\/categories?post=13216"}],"curies":[{"name":"wp","href":"https:\/\/api.w.org\/{rel}","templated":true}]}}