{"id":13148,"date":"2024-07-31T12:11:16","date_gmt":"2024-07-31T10:11:16","guid":{"rendered":"https:\/\/www.lebertole.it\/?p=13148"},"modified":"2024-07-31T12:30:57","modified_gmt":"2024-07-31T10:30:57","slug":"il-nostro-ieto-santin-alla-26a-mostra-del-vin-col-fondo-di-guia","status":"publish","type":"post","link":"https:\/\/www.lebertole.it\/de\/il-nostro-ieto-santin-alla-26a-mostra-del-vin-col-fondo-di-guia\/","title":{"rendered":"Unser Ieto Santin auf der 26. Mostra del Vin col Fondo di Guia!"},"content":{"rendered":"<p>Auch in diesem Jahr findet in Guia wieder die <strong>26. Mostra del Vin col Fondo di Guia<\/strong> statt!<\/p>\n<p>Eine von der Pro Loco von Guia organisierte Veranstaltung, die <em>vom 31. Juli bis zum 4. August 2024<\/em> stattfindet.<\/p>\n<p>W\u00e4hrend der f\u00fcnft\u00e4gigen Weinmesse k\u00f6nnen Sie traditionelle Weine verschiedener lokaler Erzeuger in einer Atmosph\u00e4re von Tradition und Weinleidenschaft entdecken.<\/p>\n<p>Wir erwarten Sie, um gemeinsam unseren historischen, <em>nat\u00fcrlich in der Flasche vergorenen Perlwine<\/em> <a href=\"https:\/\/www.lebertole.it\/de\/product\/ieto-santin\/\"><strong>Ieto Santin<\/strong><\/a> zu verkosten.<\/p>\n","protected":false},"excerpt":{"rendered":"<p>Auch in diesem Jahr findet in Guia wieder die 26. Mostra del Vin col Fondo di Guia statt! Eine von der Pro Loco von Guia organisierte Veranstaltung, die vom 31. Juli bis zum 4. August 2024 stattfindet. W\u00e4hrend der f\u00fcnft\u00e4gigen Weinmesse k\u00f6nnen Sie traditionelle Weine verschiedener lokaler Erzeuger in einer Atmosph\u00e4re von Tradition und Weinleidenschaft [&hellip;]<\/p>\n","protected":false},"author":1,"featured_media":13151,"comment_status":"closed","ping_status":"closed","sticky":false,"template":"","format":"standard","meta":{"_acf_changed":false,"footnotes":""},"categories":[25],"class_list":["post-13148","post","type-post","status-publish","format-standard","has-post-thumbnail","hentry","category-nachrichten"],"acf":[],"yoast_head":"<!-- This site is optimized with the Yoast SEO plugin v27.4 - https:\/\/yoast.com\/product\/yoast-seo-wordpress\/ -->\n<title>Unser Ieto Santin auf der 26. Mostra del Vin col Fondo di Guia! | LE BERTOLE | Valdobbiadene DOCG<\/title>\n<meta name=\"robots\" content=\"index, follow, max-snippet:-1, max-image-preview:large, max-video-preview:-1\" \/>\n<link rel=\"canonical\" href=\"https:\/\/www.lebertole.it\/de\/il-nostro-ieto-santin-alla-26a-mostra-del-vin-col-fondo-di-guia\/\" \/>\n<meta property=\"og:locale\" content=\"de_DE\" \/>\n<meta property=\"og:type\" content=\"article\" \/>\n<meta property=\"og:title\" content=\"Unser Ieto Santin auf der 26. Mostra del Vin col Fondo di Guia! | LE BERTOLE | Valdobbiadene DOCG\" \/>\n<meta property=\"og:description\" content=\"Auch in diesem Jahr findet in Guia wieder die 26. Mostra del Vin col Fondo di Guia statt! Eine von der Pro Loco von Guia organisierte Veranstaltung, die vom 31. Juli bis zum 4. August 2024 stattfindet. W\u00e4hrend der f\u00fcnft\u00e4gigen Weinmesse k\u00f6nnen Sie traditionelle Weine verschiedener lokaler Erzeuger in einer Atmosph\u00e4re von Tradition und Weinleidenschaft [&hellip;]\" \/>\n<meta property=\"og:url\" content=\"https:\/\/www.lebertole.it\/de\/il-nostro-ieto-santin-alla-26a-mostra-del-vin-col-fondo-di-guia\/\" \/>\n<meta property=\"og:site_name\" content=\"LE BERTOLE | Valdobbiadene DOCG\" \/>\n<meta property=\"article:publisher\" content=\"https:\/\/www.facebook.com\/lebertole\/\" \/>\n<meta property=\"article:published_time\" content=\"2024-07-31T10:11:16+00:00\" \/>\n<meta property=\"article:modified_time\" content=\"2024-07-31T10:30:57+00:00\" \/>\n<meta property=\"og:image\" content=\"https:\/\/www.lebertole.it\/wp-content\/uploads\/2024\/07\/FOTO-LOC2024.jpg\" \/>\n\t<meta property=\"og:image:width\" content=\"512\" \/>\n\t<meta property=\"og:image:height\" content=\"262\" \/>\n\t<meta property=\"og:image:type\" content=\"image\/jpeg\" \/>\n<meta name=\"author\" content=\"bertole\" \/>\n<meta name=\"twitter:card\" content=\"summary_large_image\" \/>\n<meta name=\"twitter:label1\" content=\"Verfasst von\" \/>\n\t<meta name=\"twitter:data1\" content=\"bertole\" \/>\n\t<meta name=\"twitter:label2\" content=\"Gesch\u00e4tzte Lesezeit\" \/>\n\t<meta name=\"twitter:data2\" content=\"1\u00a0Minute\" \/>\n<script type=\"application\/ld+json\" class=\"yoast-schema-graph\">{\"@context\":\"https:\\\/\\\/schema.org\",\"@graph\":[{\"@type\":\"Article\",\"@id\":\"https:\\\/\\\/www.lebertole.it\\\/de\\\/il-nostro-ieto-santin-alla-26a-mostra-del-vin-col-fondo-di-guia\\\/#article\",\"isPartOf\":{\"@id\":\"https:\\\/\\\/www.lebertole.it\\\/de\\\/il-nostro-ieto-santin-alla-26a-mostra-del-vin-col-fondo-di-guia\\\/\"},\"author\":{\"name\":\"bertole\",\"@id\":\"https:\\\/\\\/www.lebertole.it\\\/#\\\/schema\\\/person\\\/d52188bb6ac96aef076248da018386d5\"},\"headline\":\"Unser Ieto Santin auf der 26. Mostra del Vin col Fondo di Guia!\",\"datePublished\":\"2024-07-31T10:11:16+00:00\",\"dateModified\":\"2024-07-31T10:30:57+00:00\",\"mainEntityOfPage\":{\"@id\":\"https:\\\/\\\/www.lebertole.it\\\/de\\\/il-nostro-ieto-santin-alla-26a-mostra-del-vin-col-fondo-di-guia\\\/\"},\"wordCount\":87,\"publisher\":{\"@id\":\"https:\\\/\\\/www.lebertole.it\\\/#organization\"},\"image\":{\"@id\":\"https:\\\/\\\/www.lebertole.it\\\/de\\\/il-nostro-ieto-santin-alla-26a-mostra-del-vin-col-fondo-di-guia\\\/#primaryimage\"},\"thumbnailUrl\":\"https:\\\/\\\/www.lebertole.it\\\/wp-content\\\/uploads\\\/2024\\\/07\\\/FOTO-LOC2024.jpg\",\"articleSection\":[\"Nachrichten\"],\"inLanguage\":\"de\"},{\"@type\":\"WebPage\",\"@id\":\"https:\\\/\\\/www.lebertole.it\\\/de\\\/il-nostro-ieto-santin-alla-26a-mostra-del-vin-col-fondo-di-guia\\\/\",\"url\":\"https:\\\/\\\/www.lebertole.it\\\/de\\\/il-nostro-ieto-santin-alla-26a-mostra-del-vin-col-fondo-di-guia\\\/\",\"name\":\"Unser Ieto Santin auf der 26. Mostra del Vin col Fondo di Guia! | LE BERTOLE | Valdobbiadene DOCG\",\"isPartOf\":{\"@id\":\"https:\\\/\\\/www.lebertole.it\\\/#website\"},\"primaryImageOfPage\":{\"@id\":\"https:\\\/\\\/www.lebertole.it\\\/de\\\/il-nostro-ieto-santin-alla-26a-mostra-del-vin-col-fondo-di-guia\\\/#primaryimage\"},\"image\":{\"@id\":\"https:\\\/\\\/www.lebertole.it\\\/de\\\/il-nostro-ieto-santin-alla-26a-mostra-del-vin-col-fondo-di-guia\\\/#primaryimage\"},\"thumbnailUrl\":\"https:\\\/\\\/www.lebertole.it\\\/wp-content\\\/uploads\\\/2024\\\/07\\\/FOTO-LOC2024.jpg\",\"datePublished\":\"2024-07-31T10:11:16+00:00\",\"dateModified\":\"2024-07-31T10:30:57+00:00\",\"breadcrumb\":{\"@id\":\"https:\\\/\\\/www.lebertole.it\\\/de\\\/il-nostro-ieto-santin-alla-26a-mostra-del-vin-col-fondo-di-guia\\\/#breadcrumb\"},\"inLanguage\":\"de\",\"potentialAction\":[{\"@type\":\"ReadAction\",\"target\":[\"https:\\\/\\\/www.lebertole.it\\\/de\\\/il-nostro-ieto-santin-alla-26a-mostra-del-vin-col-fondo-di-guia\\\/\"]}]},{\"@type\":\"ImageObject\",\"inLanguage\":\"de\",\"@id\":\"https:\\\/\\\/www.lebertole.it\\\/de\\\/il-nostro-ieto-santin-alla-26a-mostra-del-vin-col-fondo-di-guia\\\/#primaryimage\",\"url\":\"https:\\\/\\\/www.lebertole.it\\\/wp-content\\\/uploads\\\/2024\\\/07\\\/FOTO-LOC2024.jpg\",\"contentUrl\":\"https:\\\/\\\/www.lebertole.it\\\/wp-content\\\/uploads\\\/2024\\\/07\\\/FOTO-LOC2024.jpg\",\"width\":512,\"height\":262,\"caption\":\"MOSTRA COL FONDO\"},{\"@type\":\"BreadcrumbList\",\"@id\":\"https:\\\/\\\/www.lebertole.it\\\/de\\\/il-nostro-ieto-santin-alla-26a-mostra-del-vin-col-fondo-di-guia\\\/#breadcrumb\",\"itemListElement\":[{\"@type\":\"ListItem\",\"position\":1,\"name\":\"Home\",\"item\":\"https:\\\/\\\/www.lebertole.it\\\/de\\\/\"},{\"@type\":\"ListItem\",\"position\":2,\"name\":\"Unser Ieto Santin auf der 26. Mostra del Vin col Fondo di Guia!\"}]},{\"@type\":\"WebSite\",\"@id\":\"https:\\\/\\\/www.lebertole.it\\\/#website\",\"url\":\"https:\\\/\\\/www.lebertole.it\\\/\",\"name\":\"Le Bertole | Prosecco Valdobbiadene DOCG\",\"description\":\"L&#039;Arte di fare il vino\",\"publisher\":{\"@id\":\"https:\\\/\\\/www.lebertole.it\\\/#organization\"},\"potentialAction\":[{\"@type\":\"SearchAction\",\"target\":{\"@type\":\"EntryPoint\",\"urlTemplate\":\"https:\\\/\\\/www.lebertole.it\\\/?s={search_term_string}\"},\"query-input\":{\"@type\":\"PropertyValueSpecification\",\"valueRequired\":true,\"valueName\":\"search_term_string\"}}],\"inLanguage\":\"de\"},{\"@type\":\"Organization\",\"@id\":\"https:\\\/\\\/www.lebertole.it\\\/#organization\",\"name\":\"Le Bertole\",\"url\":\"https:\\\/\\\/www.lebertole.it\\\/\",\"logo\":{\"@type\":\"ImageObject\",\"inLanguage\":\"de\",\"@id\":\"https:\\\/\\\/www.lebertole.it\\\/#\\\/schema\\\/logo\\\/image\\\/\",\"url\":\"https:\\\/\\\/www.lebertole.it\\\/wp-content\\\/uploads\\\/2019\\\/07\\\/LeBertoleLogoCassetta.jpg\",\"contentUrl\":\"https:\\\/\\\/www.lebertole.it\\\/wp-content\\\/uploads\\\/2019\\\/07\\\/LeBertoleLogoCassetta.jpg\",\"width\":1370,\"height\":243,\"caption\":\"Le Bertole\"},\"image\":{\"@id\":\"https:\\\/\\\/www.lebertole.it\\\/#\\\/schema\\\/logo\\\/image\\\/\"},\"sameAs\":[\"https:\\\/\\\/www.facebook.com\\\/lebertole\\\/\",\"https:\\\/\\\/www.instagram.com\\\/le_bertole_valdobbiadene_docg\\\/\"]},{\"@type\":\"Person\",\"@id\":\"https:\\\/\\\/www.lebertole.it\\\/#\\\/schema\\\/person\\\/d52188bb6ac96aef076248da018386d5\",\"name\":\"bertole\"}]}<\/script>\n<!-- \/ Yoast SEO plugin. -->","yoast_head_json":{"title":"Unser Ieto Santin auf der 26. Mostra del Vin col Fondo di Guia! | LE BERTOLE | Valdobbiadene DOCG","robots":{"index":"index","follow":"follow","max-snippet":"max-snippet:-1","max-image-preview":"max-image-preview:large","max-video-preview":"max-video-preview:-1"},"canonical":"https:\/\/www.lebertole.it\/de\/il-nostro-ieto-santin-alla-26a-mostra-del-vin-col-fondo-di-guia\/","og_locale":"de_DE","og_type":"article","og_title":"Unser Ieto Santin auf der 26. Mostra del Vin col Fondo di Guia! | LE BERTOLE | Valdobbiadene DOCG","og_description":"Auch in diesem Jahr findet in Guia wieder die 26. Mostra del Vin col Fondo di Guia statt! Eine von der Pro Loco von Guia organisierte Veranstaltung, die vom 31. Juli bis zum 4. August 2024 stattfindet. W\u00e4hrend der f\u00fcnft\u00e4gigen Weinmesse k\u00f6nnen Sie traditionelle Weine verschiedener lokaler Erzeuger in einer Atmosph\u00e4re von Tradition und Weinleidenschaft [&hellip;]","og_url":"https:\/\/www.lebertole.it\/de\/il-nostro-ieto-santin-alla-26a-mostra-del-vin-col-fondo-di-guia\/","og_site_name":"LE BERTOLE | Valdobbiadene DOCG","article_publisher":"https:\/\/www.facebook.com\/lebertole\/","article_published_time":"2024-07-31T10:11:16+00:00","article_modified_time":"2024-07-31T10:30:57+00:00","og_image":[{"width":512,"height":262,"url":"https:\/\/www.lebertole.it\/wp-content\/uploads\/2024\/07\/FOTO-LOC2024.jpg","type":"image\/jpeg"}],"author":"bertole","twitter_card":"summary_large_image","twitter_misc":{"Verfasst von":"bertole","Gesch\u00e4tzte Lesezeit":"1\u00a0Minute"},"schema":{"@context":"https:\/\/schema.org","@graph":[{"@type":"Article","@id":"https:\/\/www.lebertole.it\/de\/il-nostro-ieto-santin-alla-26a-mostra-del-vin-col-fondo-di-guia\/#article","isPartOf":{"@id":"https:\/\/www.lebertole.it\/de\/il-nostro-ieto-santin-alla-26a-mostra-del-vin-col-fondo-di-guia\/"},"author":{"name":"bertole","@id":"https:\/\/www.lebertole.it\/#\/schema\/person\/d52188bb6ac96aef076248da018386d5"},"headline":"Unser Ieto Santin auf der 26. Mostra del Vin col Fondo di Guia!","datePublished":"2024-07-31T10:11:16+00:00","dateModified":"2024-07-31T10:30:57+00:00","mainEntityOfPage":{"@id":"https:\/\/www.lebertole.it\/de\/il-nostro-ieto-santin-alla-26a-mostra-del-vin-col-fondo-di-guia\/"},"wordCount":87,"publisher":{"@id":"https:\/\/www.lebertole.it\/#organization"},"image":{"@id":"https:\/\/www.lebertole.it\/de\/il-nostro-ieto-santin-alla-26a-mostra-del-vin-col-fondo-di-guia\/#primaryimage"},"thumbnailUrl":"https:\/\/www.lebertole.it\/wp-content\/uploads\/2024\/07\/FOTO-LOC2024.jpg","articleSection":["Nachrichten"],"inLanguage":"de"},{"@type":"WebPage","@id":"https:\/\/www.lebertole.it\/de\/il-nostro-ieto-santin-alla-26a-mostra-del-vin-col-fondo-di-guia\/","url":"https:\/\/www.lebertole.it\/de\/il-nostro-ieto-santin-alla-26a-mostra-del-vin-col-fondo-di-guia\/","name":"Unser Ieto Santin auf der 26. Mostra del Vin col Fondo di Guia! | LE BERTOLE | Valdobbiadene DOCG","isPartOf":{"@id":"https:\/\/www.lebertole.it\/#website"},"primaryImageOfPage":{"@id":"https:\/\/www.lebertole.it\/de\/il-nostro-ieto-santin-alla-26a-mostra-del-vin-col-fondo-di-guia\/#primaryimage"},"image":{"@id":"https:\/\/www.lebertole.it\/de\/il-nostro-ieto-santin-alla-26a-mostra-del-vin-col-fondo-di-guia\/#primaryimage"},"thumbnailUrl":"https:\/\/www.lebertole.it\/wp-content\/uploads\/2024\/07\/FOTO-LOC2024.jpg","datePublished":"2024-07-31T10:11:16+00:00","dateModified":"2024-07-31T10:30:57+00:00","breadcrumb":{"@id":"https:\/\/www.lebertole.it\/de\/il-nostro-ieto-santin-alla-26a-mostra-del-vin-col-fondo-di-guia\/#breadcrumb"},"inLanguage":"de","potentialAction":[{"@type":"ReadAction","target":["https:\/\/www.lebertole.it\/de\/il-nostro-ieto-santin-alla-26a-mostra-del-vin-col-fondo-di-guia\/"]}]},{"@type":"ImageObject","inLanguage":"de","@id":"https:\/\/www.lebertole.it\/de\/il-nostro-ieto-santin-alla-26a-mostra-del-vin-col-fondo-di-guia\/#primaryimage","url":"https:\/\/www.lebertole.it\/wp-content\/uploads\/2024\/07\/FOTO-LOC2024.jpg","contentUrl":"https:\/\/www.lebertole.it\/wp-content\/uploads\/2024\/07\/FOTO-LOC2024.jpg","width":512,"height":262,"caption":"MOSTRA COL FONDO"},{"@type":"BreadcrumbList","@id":"https:\/\/www.lebertole.it\/de\/il-nostro-ieto-santin-alla-26a-mostra-del-vin-col-fondo-di-guia\/#breadcrumb","itemListElement":[{"@type":"ListItem","position":1,"name":"Home","item":"https:\/\/www.lebertole.it\/de\/"},{"@type":"ListItem","position":2,"name":"Unser Ieto Santin auf der 26. Mostra del Vin col Fondo di Guia!"}]},{"@type":"WebSite","@id":"https:\/\/www.lebertole.it\/#website","url":"https:\/\/www.lebertole.it\/","name":"Le Bertole | Prosecco Valdobbiadene DOCG","description":"L&#039;Arte di fare il vino","publisher":{"@id":"https:\/\/www.lebertole.it\/#organization"},"potentialAction":[{"@type":"SearchAction","target":{"@type":"EntryPoint","urlTemplate":"https:\/\/www.lebertole.it\/?s={search_term_string}"},"query-input":{"@type":"PropertyValueSpecification","valueRequired":true,"valueName":"search_term_string"}}],"inLanguage":"de"},{"@type":"Organization","@id":"https:\/\/www.lebertole.it\/#organization","name":"Le Bertole","url":"https:\/\/www.lebertole.it\/","logo":{"@type":"ImageObject","inLanguage":"de","@id":"https:\/\/www.lebertole.it\/#\/schema\/logo\/image\/","url":"https:\/\/www.lebertole.it\/wp-content\/uploads\/2019\/07\/LeBertoleLogoCassetta.jpg","contentUrl":"https:\/\/www.lebertole.it\/wp-content\/uploads\/2019\/07\/LeBertoleLogoCassetta.jpg","width":1370,"height":243,"caption":"Le Bertole"},"image":{"@id":"https:\/\/www.lebertole.it\/#\/schema\/logo\/image\/"},"sameAs":["https:\/\/www.facebook.com\/lebertole\/","https:\/\/www.instagram.com\/le_bertole_valdobbiadene_docg\/"]},{"@type":"Person","@id":"https:\/\/www.lebertole.it\/#\/schema\/person\/d52188bb6ac96aef076248da018386d5","name":"bertole"}]}},"_links":{"self":[{"href":"https:\/\/www.lebertole.it\/de\/wp-json\/wp\/v2\/posts\/13148","targetHints":{"allow":["GET"]}}],"collection":[{"href":"https:\/\/www.lebertole.it\/de\/wp-json\/wp\/v2\/posts"}],"about":[{"href":"https:\/\/www.lebertole.it\/de\/wp-json\/wp\/v2\/types\/post"}],"author":[{"embeddable":true,"href":"https:\/\/www.lebertole.it\/de\/wp-json\/wp\/v2\/users\/1"}],"replies":[{"embeddable":true,"href":"https:\/\/www.lebertole.it\/de\/wp-json\/wp\/v2\/comments?post=13148"}],"version-history":[{"count":2,"href":"https:\/\/www.lebertole.it\/de\/wp-json\/wp\/v2\/posts\/13148\/revisions"}],"predecessor-version":[{"id":13156,"href":"https:\/\/www.lebertole.it\/de\/wp-json\/wp\/v2\/posts\/13148\/revisions\/13156"}],"wp:featuredmedia":[{"embeddable":true,"href":"https:\/\/www.lebertole.it\/de\/wp-json\/wp\/v2\/media\/13151"}],"wp:attachment":[{"href":"https:\/\/www.lebertole.it\/de\/wp-json\/wp\/v2\/media?parent=13148"}],"wp:term":[{"taxonomy":"category","embeddable":true,"href":"https:\/\/www.lebertole.it\/de\/wp-json\/wp\/v2\/categories?post=13148"}],"curies":[{"name":"wp","href":"https:\/\/api.w.org\/{rel}","templated":true}]}}